{"id":10621,"date":"2025-11-28T13:42:25","date_gmt":"2025-11-28T12:42:25","guid":{"rendered":"https:\/\/computaex.es\/?p=10621"},"modified":"2025-12-10T08:38:54","modified_gmt":"2025-12-10T07:38:54","slug":"computaex-participa-en-el-evento-de-cierre-del-ano-internacional-de-la-ciencia-y-la-tecnologia-cuantica","status":"publish","type":"post","link":"https:\/\/computaex.es\/en\/jornadas\/computaex-participa-en-el-evento-de-cierre-del-ano-internacional-de-la-ciencia-y-la-tecnologia-cuantica\/","title":{"rendered":"COMPUTAEX participa en el evento de cierre del A\u00f1o Internacional de la Ciencia y la Tecnolog\u00eda Cu\u00e1ntica"},"content":{"rendered":"<div data-elementor-type=\"wp-post\" data-elementor-id=\"10621\" class=\"elementor elementor-10621\">\n\t\t\t\t<div class=\"elementor-element elementor-element-7252a77 e-flex e-con-boxed wpr-particle-no wpr-jarallax-no wpr-parallax-no wpr-sticky-section-no e-con e-parent\" data-id=\"7252a77\" data-element_type=\"container\" data-e-type=\"container\">\n\t\t\t\t\t<div class=\"e-con-inner\">\n\t\t\t\t<div class=\"elementor-element elementor-element-14e9511 elementor-widget elementor-widget-text-editor\" data-id=\"14e9511\" data-element_type=\"widget\" data-e-type=\"widget\" data-widget_type=\"text-editor.default\">\n\t\t\t\t<div class=\"elementor-widget-container\">\n\t\t\t\t\t\t\t\t\t<p><span style=\"font-size: 0.875rem;\">Durante los d\u00edas 27 y 28 de noviembre se ha celebrado en Madrid el evento \u201c<\/span><a style=\"background-color: #ffffff; font-size: 0.875rem;\" href=\"https:\/\/fundacionareces.es\/fundacionareces\/es\/actividades\/espana-cuantica.html\">Espa\u00f1a Cu\u00e1ntica: cierre del A\u00f1o Internacional de la Ciencia y la Tecnolog\u00eda Cu\u00e1ntica<\/a><span style=\"font-size: 0.875rem;\">\u201d, organizado por la <\/span><a style=\"background-color: #ffffff; font-size: 0.875rem;\" href=\"https:\/\/www.fundacionareces.es\/fundacionareces\/es\/\">Fundaci\u00f3n Ram\u00f3n Areces<\/a><span style=\"font-size: 0.875rem;\">, la Real Sociedad Espa\u00f1ola de F\u00edsica (<\/span><a style=\"background-color: #ffffff; font-size: 0.875rem;\" href=\"https:\/\/rsef.es\/\">RSEF<\/a><span style=\"font-size: 0.875rem;\">), el Consejo Superior de Investigaciones Cient\u00edficas (<\/span><a style=\"background-color: #ffffff; font-size: 0.875rem;\" href=\"https:\/\/www.csic.es\/es\">CSIC<\/a><span style=\"font-size: 0.875rem;\">) \u2014a trav\u00e9s de la <\/span><a style=\"background-color: #ffffff; font-size: 0.875rem;\" href=\"https:\/\/www.ritce2020.hbar.es\/\">Red de Informaci\u00f3n y Tecnolog\u00edas Cu\u00e1nticas en Espa\u00f1a<\/a><span style=\"font-size: 0.875rem;\">\u2014 y el Barcelona Supercomputing Center (<\/span><a style=\"background-color: #ffffff; font-size: 0.875rem;\" href=\"https:\/\/www.bsc.es\/\">BSC<\/a><span style=\"font-size: 0.875rem;\">).\u00a0<\/span><\/p><p>El Director General del Centro de Supercomputaci\u00f3n de Extremadura, el Dr. Juan Antonio Rico, ha asistido en reconocimiento a la labor que <a href=\"https:\/\/computaex.es\/en\/\">COMPUTAEX<\/a> ha desempe\u00f1ado dentro del proyecto <a href=\"https:\/\/quantumspain-project.es\/\">Quantum Spain<\/a>, uno de los ejes principales sobre los que se han articulado las jornadas. El objetivo principal del mismo, desarrollado desde el a\u00f1o 2021, ha consistido en la implementaci\u00f3n de una infraestructura de computaci\u00f3n cu\u00e1ntica al servicio de la comunidad cient\u00edfica y el sector p\u00fablico. De este modo, durante las jornadas se han presentado los principales avances alcanzados y se ha expuesto el estado actual de las l\u00edneas de trabajo, as\u00ed como las perspectivas de evoluci\u00f3n de esta tecnolog\u00eda. El Director ha tenido adem\u00e1s la oportunidad de intercambiar conocimientos y experiencias con otros centros de investigaci\u00f3n y empresas especializadas en este \u00e1mbito.<\/p><p>En este sentido, cabe destacar adem\u00e1s que la Estrategia Nacional de Tecnolog\u00edas Cu\u00e1nticas 2025\u20132030 menciona expresamente a COMPUTAEX como actor clave del ecosistema cu\u00e1ntico nacional, al albergar pr\u00f3ximamente un emulador cu\u00e1ntico, que facilitar\u00e1 a los investigadores el desarrollo y la validaci\u00f3n de este tipo de algoritmos en un entorno accesible y de alto rendimiento. Asimismo, el Centro lidera actualmente el proyecto <a href=\"https:\/\/computaex.es\/en\/proyectos\/eqc2024-servicio-de-emulacion-cuantica-para-el-progreso-de-la-investigacion-cientifico-tecnica-en-extremadura\/\">QCO4HPC<\/a> (Computaci\u00f3n Cu\u00e1ntica Aplicada a la Optimizaci\u00f3n de Rendimiento y Consumo Energ\u00e9tico en Infraestructuras de Supercomputaci\u00f3n) y mantiene numerosas colaboraciones con empresas del sector, como FSAS Tecnhology, QSIMOV, Instituto RIKEN, EVIDEN o QURECA. De hecho, dispone actualmente de acceso a servicios cu\u00e1nticos de Fujitsu en Jap\u00f3n, con objeto de potenciar su l\u00ednea de investigaci\u00f3n.<\/p><p>\u00a0<\/p>\t\t\t\t\t\t\t\t<\/div>\n\t\t\t\t<\/div>\n\t\t\t\t<div class=\"elementor-element elementor-element-772ce6f elementor-widget elementor-widget-image-gallery\" data-id=\"772ce6f\" data-element_type=\"widget\" data-e-type=\"widget\" data-widget_type=\"image-gallery.default\">\n\t\t\t\t<div class=\"elementor-widget-container\">\n\t\t\t\t\t\t\t<div class=\"elementor-image-gallery\">\n\t\t\t<div id='gallery-1' class='gallery galleryid-10621 gallery-columns-4 gallery-size-thumbnail'><figure class='gallery-item'>\n\t\t\t<div class='gallery-icon landscape'>\n\t\t\t\t<a data-elementor-open-lightbox=\"yes\" data-elementor-lightbox-slideshow=\"772ce6f\" data-e-action-hash=\"#elementor-action%3Aaction%3Dlightbox%26settings%3DeyJpZCI6MTA2MjMsInVybCI6Imh0dHBzOlwvXC9jb21wdXRhZXguZXNcL3dwLWNvbnRlbnRcL3VwbG9hZHNcLzIwMjVcLzExXC8yMDI1MTEyOF9jaWVycmVfQW5vLUludGVybmFjaW9uYWxfQ2llbmNpYV9UZWNub2xvZ2lhX0N1YW50aWNhXzIuanBlZyIsInNsaWRlc2hvdyI6Ijc3MmNlNmYifQ%3D%3D\" href='https:\/\/computaex.es\/wp-content\/uploads\/2025\/11\/20251128_cierre_Ano-Internacional_Ciencia_Tecnologia_Cuantica_2.jpeg'><img decoding=\"async\" width=\"150\" height=\"150\" src=\"https:\/\/computaex.es\/wp-content\/uploads\/2025\/11\/20251128_cierre_Ano-Internacional_Ciencia_Tecnologia_Cuantica_2-150x150.jpeg\" class=\"attachment-thumbnail size-thumbnail\" alt=\"\" \/><\/a>\n\t\t\t<\/div><\/figure><figure class='gallery-item'>\n\t\t\t<div class='gallery-icon landscape'>\n\t\t\t\t<a data-elementor-open-lightbox=\"yes\" data-elementor-lightbox-slideshow=\"772ce6f\" data-e-action-hash=\"#elementor-action%3Aaction%3Dlightbox%26settings%3DeyJpZCI6MTA2MjIsInVybCI6Imh0dHBzOlwvXC9jb21wdXRhZXguZXNcL3dwLWNvbnRlbnRcL3VwbG9hZHNcLzIwMjVcLzExXC8yMDI1MTEyOF9jaWVycmVfQW5vLUludGVybmFjaW9uYWxfQ2llbmNpYV9UZWNub2xvZ2lhX0N1YW50aWNhXzEuanBlZyIsInNsaWRlc2hvdyI6Ijc3MmNlNmYifQ%3D%3D\" href='https:\/\/computaex.es\/wp-content\/uploads\/2025\/11\/20251128_cierre_Ano-Internacional_Ciencia_Tecnologia_Cuantica_1.jpeg'><img decoding=\"async\" width=\"150\" height=\"150\" src=\"https:\/\/computaex.es\/wp-content\/uploads\/2025\/11\/20251128_cierre_Ano-Internacional_Ciencia_Tecnologia_Cuantica_1-150x150.jpeg\" class=\"attachment-thumbnail size-thumbnail\" alt=\"\" \/><\/a>\n\t\t\t<\/div><\/figure>\n\t\t<\/div>\n\t\t<\/div>\n\t\t\t\t\t\t<\/div>\n\t\t\t\t<\/div>\n\t\t\t\t\t<\/div>\n\t\t\t\t<\/div>\n\t\t\t\t<\/div>","protected":false},"excerpt":{"rendered":"<p>Durante los d\u00edas 27 y 28 de noviembre se ha celebrado en Madrid el evento \u201cEspa\u00f1a Cu\u00e1ntica: cierre del A\u00f1o Internacional de la Ciencia y la Tecnolog\u00eda Cu\u00e1ntica\u201d, organizado por &#8230;<\/p>","protected":false},"author":1,"featured_media":10622,"comment_status":"closed","ping_status":"open","sticky":false,"template":"","format":"standard","meta":{"footnotes":""},"categories":[93],"tags":[],"class_list":["post-10621","post","type-post","status-publish","format-standard","has-post-thumbnail","hentry","category-jornadas"],"yoast_head":"<!-- This site is optimized with the Yoast SEO plugin v27.1.1 - https:\/\/yoast.com\/product\/yoast-seo-wordpress\/ -->\n<title>COMPUTAEX participa en el evento de cierre del A\u00f1o Internacional de la Ciencia y la Tecnolog\u00eda Cu\u00e1ntica - Fundaci\u00f3n COMPUTAEX<\/title>\n<meta name=\"robots\" content=\"index, follow, max-snippet:-1, max-image-preview:large, max-video-preview:-1\" \/>\n<link rel=\"canonical\" href=\"https:\/\/computaex.es\/en\/jornadas\/computaex-participa-en-el-evento-de-cierre-del-ano-internacional-de-la-ciencia-y-la-tecnologia-cuantica\/\" \/>\n<meta property=\"og:locale\" content=\"en_US\" \/>\n<meta property=\"og:type\" content=\"article\" \/>\n<meta property=\"og:title\" content=\"COMPUTAEX participa en el evento de cierre del A\u00f1o Internacional de la Ciencia y la Tecnolog\u00eda Cu\u00e1ntica - Fundaci\u00f3n COMPUTAEX\" \/>\n<meta property=\"og:description\" content=\"Durante los d\u00edas 27 y 28 de noviembre se ha celebrado en Madrid el evento \u201cEspa\u00f1a Cu\u00e1ntica: cierre del A\u00f1o Internacional de la Ciencia y la Tecnolog\u00eda Cu\u00e1ntica\u201d, organizado por ...\" \/>\n<meta property=\"og:url\" content=\"https:\/\/computaex.es\/en\/jornadas\/computaex-participa-en-el-evento-de-cierre-del-ano-internacional-de-la-ciencia-y-la-tecnologia-cuantica\/\" \/>\n<meta property=\"og:site_name\" content=\"Fundaci\u00f3n COMPUTAEX\" \/>\n<meta property=\"article:publisher\" content=\"https:\/\/m.facebook.com\/computaex\/\" \/>\n<meta property=\"article:published_time\" content=\"2025-11-28T12:42:25+00:00\" \/>\n<meta property=\"article:modified_time\" content=\"2025-12-10T07:38:54+00:00\" \/>\n<meta property=\"og:image\" content=\"https:\/\/computaex.es\/wp-content\/uploads\/2025\/11\/20251128_cierre_Ano-Internacional_Ciencia_Tecnologia_Cuantica_1.jpeg\" \/>\n\t<meta property=\"og:image:width\" content=\"2048\" \/>\n\t<meta property=\"og:image:height\" content=\"1536\" \/>\n\t<meta property=\"og:image:type\" content=\"image\/jpeg\" \/>\n<meta name=\"author\" content=\"COMPUTAEX\" \/>\n<meta name=\"twitter:card\" content=\"summary_large_image\" \/>\n<meta name=\"twitter:creator\" content=\"@computaex\" \/>\n<meta name=\"twitter:site\" content=\"@computaex\" \/>\n<meta name=\"twitter:label1\" content=\"Written by\" \/>\n\t<meta name=\"twitter:data1\" content=\"COMPUTAEX\" \/>\n\t<meta name=\"twitter:label2\" content=\"Est. reading time\" \/>\n\t<meta name=\"twitter:data2\" content=\"3 minutes\" \/>\n<script type=\"application\/ld+json\" class=\"yoast-schema-graph\">{\"@context\":\"https:\/\/schema.org\",\"@graph\":[{\"@type\":\"Article\",\"@id\":\"https:\/\/computaex.es\/jornadas\/computaex-participa-en-el-evento-de-cierre-del-ano-internacional-de-la-ciencia-y-la-tecnologia-cuantica\/#article\",\"isPartOf\":{\"@id\":\"https:\/\/computaex.es\/jornadas\/computaex-participa-en-el-evento-de-cierre-del-ano-internacional-de-la-ciencia-y-la-tecnologia-cuantica\/\"},\"author\":{\"name\":\"COMPUTAEX\",\"@id\":\"https:\/\/computaex.es\/#\/schema\/person\/56c40e6e76e66bddcd36a39cb6d96e54\"},\"headline\":\"COMPUTAEX participa en el evento de cierre del A\u00f1o Internacional de la Ciencia y la Tecnolog\u00eda Cu\u00e1ntica\",\"datePublished\":\"2025-11-28T12:42:25+00:00\",\"dateModified\":\"2025-12-10T07:38:54+00:00\",\"mainEntityOfPage\":{\"@id\":\"https:\/\/computaex.es\/jornadas\/computaex-participa-en-el-evento-de-cierre-del-ano-internacional-de-la-ciencia-y-la-tecnologia-cuantica\/\"},\"wordCount\":374,\"publisher\":{\"@id\":\"https:\/\/computaex.es\/#organization\"},\"image\":{\"@id\":\"https:\/\/computaex.es\/jornadas\/computaex-participa-en-el-evento-de-cierre-del-ano-internacional-de-la-ciencia-y-la-tecnologia-cuantica\/#primaryimage\"},\"thumbnailUrl\":\"https:\/\/computaex.es\/wp-content\/uploads\/2025\/11\/20251128_cierre_Ano-Internacional_Ciencia_Tecnologia_Cuantica_1.jpeg\",\"articleSection\":[\"Jornadas\"],\"inLanguage\":\"en-US\"},{\"@type\":\"WebPage\",\"@id\":\"https:\/\/computaex.es\/jornadas\/computaex-participa-en-el-evento-de-cierre-del-ano-internacional-de-la-ciencia-y-la-tecnologia-cuantica\/\",\"url\":\"https:\/\/computaex.es\/jornadas\/computaex-participa-en-el-evento-de-cierre-del-ano-internacional-de-la-ciencia-y-la-tecnologia-cuantica\/\",\"name\":\"COMPUTAEX participa en el evento de cierre del A\u00f1o Internacional de la Ciencia y la Tecnolog\u00eda Cu\u00e1ntica - Fundaci\u00f3n COMPUTAEX\",\"isPartOf\":{\"@id\":\"https:\/\/computaex.es\/#website\"},\"primaryImageOfPage\":{\"@id\":\"https:\/\/computaex.es\/jornadas\/computaex-participa-en-el-evento-de-cierre-del-ano-internacional-de-la-ciencia-y-la-tecnologia-cuantica\/#primaryimage\"},\"image\":{\"@id\":\"https:\/\/computaex.es\/jornadas\/computaex-participa-en-el-evento-de-cierre-del-ano-internacional-de-la-ciencia-y-la-tecnologia-cuantica\/#primaryimage\"},\"thumbnailUrl\":\"https:\/\/computaex.es\/wp-content\/uploads\/2025\/11\/20251128_cierre_Ano-Internacional_Ciencia_Tecnologia_Cuantica_1.jpeg\",\"datePublished\":\"2025-11-28T12:42:25+00:00\",\"dateModified\":\"2025-12-10T07:38:54+00:00\",\"breadcrumb\":{\"@id\":\"https:\/\/computaex.es\/jornadas\/computaex-participa-en-el-evento-de-cierre-del-ano-internacional-de-la-ciencia-y-la-tecnologia-cuantica\/#breadcrumb\"},\"inLanguage\":\"en-US\",\"potentialAction\":[{\"@type\":\"ReadAction\",\"target\":[\"https:\/\/computaex.es\/jornadas\/computaex-participa-en-el-evento-de-cierre-del-ano-internacional-de-la-ciencia-y-la-tecnologia-cuantica\/\"]}]},{\"@type\":\"ImageObject\",\"inLanguage\":\"en-US\",\"@id\":\"https:\/\/computaex.es\/jornadas\/computaex-participa-en-el-evento-de-cierre-del-ano-internacional-de-la-ciencia-y-la-tecnologia-cuantica\/#primaryimage\",\"url\":\"https:\/\/computaex.es\/wp-content\/uploads\/2025\/11\/20251128_cierre_Ano-Internacional_Ciencia_Tecnologia_Cuantica_1.jpeg\",\"contentUrl\":\"https:\/\/computaex.es\/wp-content\/uploads\/2025\/11\/20251128_cierre_Ano-Internacional_Ciencia_Tecnologia_Cuantica_1.jpeg\",\"width\":2048,\"height\":1536},{\"@type\":\"BreadcrumbList\",\"@id\":\"https:\/\/computaex.es\/jornadas\/computaex-participa-en-el-evento-de-cierre-del-ano-internacional-de-la-ciencia-y-la-tecnologia-cuantica\/#breadcrumb\",\"itemListElement\":[{\"@type\":\"ListItem\",\"position\":1,\"name\":\"Portada\",\"item\":\"https:\/\/computaex.es\/\"},{\"@type\":\"ListItem\",\"position\":2,\"name\":\"COMPUTAEX participa en el evento de cierre del A\u00f1o Internacional de la Ciencia y la Tecnolog\u00eda Cu\u00e1ntica\"}]},{\"@type\":\"WebSite\",\"@id\":\"https:\/\/computaex.es\/#website\",\"url\":\"https:\/\/computaex.es\/\",\"name\":\"Fundaci\u00f3n COMPUTAEX\",\"description\":\"COMPUTAEX\",\"publisher\":{\"@id\":\"https:\/\/computaex.es\/#organization\"},\"potentialAction\":[{\"@type\":\"SearchAction\",\"target\":{\"@type\":\"EntryPoint\",\"urlTemplate\":\"https:\/\/computaex.es\/?s={search_term_string}\"},\"query-input\":{\"@type\":\"PropertyValueSpecification\",\"valueRequired\":true,\"valueName\":\"search_term_string\"}}],\"inLanguage\":\"en-US\"},{\"@type\":\"Organization\",\"@id\":\"https:\/\/computaex.es\/#organization\",\"name\":\"COMPUTAEX\",\"url\":\"https:\/\/computaex.es\/\",\"logo\":{\"@type\":\"ImageObject\",\"inLanguage\":\"en-US\",\"@id\":\"https:\/\/computaex.es\/#\/schema\/logo\/image\/\",\"url\":\"https:\/\/computaex.es\/wp-content\/uploads\/2025\/05\/cropped-COMPUTAEX_transparente-scaled-1.png\",\"contentUrl\":\"https:\/\/computaex.es\/wp-content\/uploads\/2025\/05\/cropped-COMPUTAEX_transparente-scaled-1.png\",\"width\":2560,\"height\":970,\"caption\":\"COMPUTAEX\"},\"image\":{\"@id\":\"https:\/\/computaex.es\/#\/schema\/logo\/image\/\"},\"sameAs\":[\"https:\/\/m.facebook.com\/computaex\/\",\"https:\/\/x.com\/computaex\",\"https:\/\/es.linkedin.com\/company\/cenits\"]},{\"@type\":\"Person\",\"@id\":\"https:\/\/computaex.es\/#\/schema\/person\/56c40e6e76e66bddcd36a39cb6d96e54\",\"name\":\"COMPUTAEX\",\"image\":{\"@type\":\"ImageObject\",\"inLanguage\":\"en-US\",\"@id\":\"https:\/\/computaex.es\/#\/schema\/person\/image\/\",\"url\":\"https:\/\/secure.gravatar.com\/avatar\/4326f71d26728864745e3897d70bc6d2436e3971500de06e3156d3482a35fc34?s=96&d=mm&r=g\",\"contentUrl\":\"https:\/\/secure.gravatar.com\/avatar\/4326f71d26728864745e3897d70bc6d2436e3971500de06e3156d3482a35fc34?s=96&d=mm&r=g\",\"caption\":\"COMPUTAEX\"},\"sameAs\":[\"http:\/\/10.128.3.28\"],\"url\":\"https:\/\/computaex.es\/en\/author\/admincenits\/\"}]}<\/script>\n<!-- \/ Yoast SEO plugin. -->","yoast_head_json":{"title":"COMPUTAEX participa en el evento de cierre del A\u00f1o Internacional de la Ciencia y la Tecnolog\u00eda Cu\u00e1ntica - Fundaci\u00f3n COMPUTAEX","robots":{"index":"index","follow":"follow","max-snippet":"max-snippet:-1","max-image-preview":"max-image-preview:large","max-video-preview":"max-video-preview:-1"},"canonical":"https:\/\/computaex.es\/en\/jornadas\/computaex-participa-en-el-evento-de-cierre-del-ano-internacional-de-la-ciencia-y-la-tecnologia-cuantica\/","og_locale":"en_US","og_type":"article","og_title":"COMPUTAEX participa en el evento de cierre del A\u00f1o Internacional de la Ciencia y la Tecnolog\u00eda Cu\u00e1ntica - Fundaci\u00f3n COMPUTAEX","og_description":"Durante los d\u00edas 27 y 28 de noviembre se ha celebrado en Madrid el evento \u201cEspa\u00f1a Cu\u00e1ntica: cierre del A\u00f1o Internacional de la Ciencia y la Tecnolog\u00eda Cu\u00e1ntica\u201d, organizado por ...","og_url":"https:\/\/computaex.es\/en\/jornadas\/computaex-participa-en-el-evento-de-cierre-del-ano-internacional-de-la-ciencia-y-la-tecnologia-cuantica\/","og_site_name":"Fundaci\u00f3n COMPUTAEX","article_publisher":"https:\/\/m.facebook.com\/computaex\/","article_published_time":"2025-11-28T12:42:25+00:00","article_modified_time":"2025-12-10T07:38:54+00:00","og_image":[{"width":2048,"height":1536,"url":"https:\/\/computaex.es\/wp-content\/uploads\/2025\/11\/20251128_cierre_Ano-Internacional_Ciencia_Tecnologia_Cuantica_1.jpeg","type":"image\/jpeg"}],"author":"COMPUTAEX","twitter_card":"summary_large_image","twitter_creator":"@computaex","twitter_site":"@computaex","twitter_misc":{"Written by":"COMPUTAEX","Est. reading time":"3 minutes"},"schema":{"@context":"https:\/\/schema.org","@graph":[{"@type":"Article","@id":"https:\/\/computaex.es\/jornadas\/computaex-participa-en-el-evento-de-cierre-del-ano-internacional-de-la-ciencia-y-la-tecnologia-cuantica\/#article","isPartOf":{"@id":"https:\/\/computaex.es\/jornadas\/computaex-participa-en-el-evento-de-cierre-del-ano-internacional-de-la-ciencia-y-la-tecnologia-cuantica\/"},"author":{"name":"COMPUTAEX","@id":"https:\/\/computaex.es\/#\/schema\/person\/56c40e6e76e66bddcd36a39cb6d96e54"},"headline":"COMPUTAEX participa en el evento de cierre del A\u00f1o Internacional de la Ciencia y la Tecnolog\u00eda Cu\u00e1ntica","datePublished":"2025-11-28T12:42:25+00:00","dateModified":"2025-12-10T07:38:54+00:00","mainEntityOfPage":{"@id":"https:\/\/computaex.es\/jornadas\/computaex-participa-en-el-evento-de-cierre-del-ano-internacional-de-la-ciencia-y-la-tecnologia-cuantica\/"},"wordCount":374,"publisher":{"@id":"https:\/\/computaex.es\/#organization"},"image":{"@id":"https:\/\/computaex.es\/jornadas\/computaex-participa-en-el-evento-de-cierre-del-ano-internacional-de-la-ciencia-y-la-tecnologia-cuantica\/#primaryimage"},"thumbnailUrl":"https:\/\/computaex.es\/wp-content\/uploads\/2025\/11\/20251128_cierre_Ano-Internacional_Ciencia_Tecnologia_Cuantica_1.jpeg","articleSection":["Jornadas"],"inLanguage":"en-US"},{"@type":"WebPage","@id":"https:\/\/computaex.es\/jornadas\/computaex-participa-en-el-evento-de-cierre-del-ano-internacional-de-la-ciencia-y-la-tecnologia-cuantica\/","url":"https:\/\/computaex.es\/jornadas\/computaex-participa-en-el-evento-de-cierre-del-ano-internacional-de-la-ciencia-y-la-tecnologia-cuantica\/","name":"COMPUTAEX participa en el evento de cierre del A\u00f1o Internacional de la Ciencia y la Tecnolog\u00eda Cu\u00e1ntica - Fundaci\u00f3n COMPUTAEX","isPartOf":{"@id":"https:\/\/computaex.es\/#website"},"primaryImageOfPage":{"@id":"https:\/\/computaex.es\/jornadas\/computaex-participa-en-el-evento-de-cierre-del-ano-internacional-de-la-ciencia-y-la-tecnologia-cuantica\/#primaryimage"},"image":{"@id":"https:\/\/computaex.es\/jornadas\/computaex-participa-en-el-evento-de-cierre-del-ano-internacional-de-la-ciencia-y-la-tecnologia-cuantica\/#primaryimage"},"thumbnailUrl":"https:\/\/computaex.es\/wp-content\/uploads\/2025\/11\/20251128_cierre_Ano-Internacional_Ciencia_Tecnologia_Cuantica_1.jpeg","datePublished":"2025-11-28T12:42:25+00:00","dateModified":"2025-12-10T07:38:54+00:00","breadcrumb":{"@id":"https:\/\/computaex.es\/jornadas\/computaex-participa-en-el-evento-de-cierre-del-ano-internacional-de-la-ciencia-y-la-tecnologia-cuantica\/#breadcrumb"},"inLanguage":"en-US","potentialAction":[{"@type":"ReadAction","target":["https:\/\/computaex.es\/jornadas\/computaex-participa-en-el-evento-de-cierre-del-ano-internacional-de-la-ciencia-y-la-tecnologia-cuantica\/"]}]},{"@type":"ImageObject","inLanguage":"en-US","@id":"https:\/\/computaex.es\/jornadas\/computaex-participa-en-el-evento-de-cierre-del-ano-internacional-de-la-ciencia-y-la-tecnologia-cuantica\/#primaryimage","url":"https:\/\/computaex.es\/wp-content\/uploads\/2025\/11\/20251128_cierre_Ano-Internacional_Ciencia_Tecnologia_Cuantica_1.jpeg","contentUrl":"https:\/\/computaex.es\/wp-content\/uploads\/2025\/11\/20251128_cierre_Ano-Internacional_Ciencia_Tecnologia_Cuantica_1.jpeg","width":2048,"height":1536},{"@type":"BreadcrumbList","@id":"https:\/\/computaex.es\/jornadas\/computaex-participa-en-el-evento-de-cierre-del-ano-internacional-de-la-ciencia-y-la-tecnologia-cuantica\/#breadcrumb","itemListElement":[{"@type":"ListItem","position":1,"name":"Portada","item":"https:\/\/computaex.es\/"},{"@type":"ListItem","position":2,"name":"COMPUTAEX participa en el evento de cierre del A\u00f1o Internacional de la Ciencia y la Tecnolog\u00eda Cu\u00e1ntica"}]},{"@type":"WebSite","@id":"https:\/\/computaex.es\/#website","url":"https:\/\/computaex.es\/","name":"COMPUTAEX Foundation","description":"COMPUTAEX","publisher":{"@id":"https:\/\/computaex.es\/#organization"},"potentialAction":[{"@type":"SearchAction","target":{"@type":"EntryPoint","urlTemplate":"https:\/\/computaex.es\/?s={search_term_string}"},"query-input":{"@type":"PropertyValueSpecification","valueRequired":true,"valueName":"search_term_string"}}],"inLanguage":"en-US"},{"@type":"Organization","@id":"https:\/\/computaex.es\/#organization","name":"COMPUTAEX","url":"https:\/\/computaex.es\/","logo":{"@type":"ImageObject","inLanguage":"en-US","@id":"https:\/\/computaex.es\/#\/schema\/logo\/image\/","url":"https:\/\/computaex.es\/wp-content\/uploads\/2025\/05\/cropped-COMPUTAEX_transparente-scaled-1.png","contentUrl":"https:\/\/computaex.es\/wp-content\/uploads\/2025\/05\/cropped-COMPUTAEX_transparente-scaled-1.png","width":2560,"height":970,"caption":"COMPUTAEX"},"image":{"@id":"https:\/\/computaex.es\/#\/schema\/logo\/image\/"},"sameAs":["https:\/\/m.facebook.com\/computaex\/","https:\/\/x.com\/computaex","https:\/\/es.linkedin.com\/company\/cenits"]},{"@type":"Person","@id":"https:\/\/computaex.es\/#\/schema\/person\/56c40e6e76e66bddcd36a39cb6d96e54","name":"COMPUTAEX","image":{"@type":"ImageObject","inLanguage":"en-US","@id":"https:\/\/computaex.es\/#\/schema\/person\/image\/","url":"https:\/\/secure.gravatar.com\/avatar\/4326f71d26728864745e3897d70bc6d2436e3971500de06e3156d3482a35fc34?s=96&d=mm&r=g","contentUrl":"https:\/\/secure.gravatar.com\/avatar\/4326f71d26728864745e3897d70bc6d2436e3971500de06e3156d3482a35fc34?s=96&d=mm&r=g","caption":"COMPUTAEX"},"sameAs":["http:\/\/10.128.3.28"],"url":"https:\/\/computaex.es\/en\/author\/admincenits\/"}]}},"_links":{"self":[{"href":"https:\/\/computaex.es\/en\/wp-json\/wp\/v2\/posts\/10621","targetHints":{"allow":["GET"]}}],"collection":[{"href":"https:\/\/computaex.es\/en\/wp-json\/wp\/v2\/posts"}],"about":[{"href":"https:\/\/computaex.es\/en\/wp-json\/wp\/v2\/types\/post"}],"author":[{"embeddable":true,"href":"https:\/\/computaex.es\/en\/wp-json\/wp\/v2\/users\/1"}],"replies":[{"embeddable":true,"href":"https:\/\/computaex.es\/en\/wp-json\/wp\/v2\/comments?post=10621"}],"version-history":[{"count":8,"href":"https:\/\/computaex.es\/en\/wp-json\/wp\/v2\/posts\/10621\/revisions"}],"predecessor-version":[{"id":10631,"href":"https:\/\/computaex.es\/en\/wp-json\/wp\/v2\/posts\/10621\/revisions\/10631"}],"wp:featuredmedia":[{"embeddable":true,"href":"https:\/\/computaex.es\/en\/wp-json\/wp\/v2\/media\/10622"}],"wp:attachment":[{"href":"https:\/\/computaex.es\/en\/wp-json\/wp\/v2\/media?parent=10621"}],"wp:term":[{"taxonomy":"category","embeddable":true,"href":"https:\/\/computaex.es\/en\/wp-json\/wp\/v2\/categories?post=10621"},{"taxonomy":"post_tag","embeddable":true,"href":"https:\/\/computaex.es\/en\/wp-json\/wp\/v2\/tags?post=10621"}],"curies":[{"name":"wp","href":"https:\/\/api.w.org\/{rel}","templated":true}]}}