{"id":10762,"date":"2025-12-12T15:29:21","date_gmt":"2025-12-12T14:29:21","guid":{"rendered":"https:\/\/computaex.es\/?p=10762"},"modified":"2025-12-15T10:49:21","modified_gmt":"2025-12-15T09:49:21","slug":"computaex-presenta-sus-avances-en-medicina-de-precision-en-el-marco-del-plan-de-biotecnologia-aplicada-a-la-salud","status":"publish","type":"post","link":"https:\/\/computaex.es\/en\/jornadas\/computaex-presenta-sus-avances-en-medicina-de-precision-en-el-marco-del-plan-de-biotecnologia-aplicada-a-la-salud\/","title":{"rendered":"COMPUTAEX presenta sus avances en medicina de precisi\u00f3n en el marco del Plan de Biotecnolog\u00eda aplicada a la Salud"},"content":{"rendered":"<div data-elementor-type=\"wp-post\" data-elementor-id=\"10762\" class=\"elementor elementor-10762\">\n\t\t\t\t<div class=\"elementor-element elementor-element-e821301 e-flex e-con-boxed wpr-particle-no wpr-jarallax-no wpr-parallax-no wpr-sticky-section-no e-con e-parent\" data-id=\"e821301\" data-element_type=\"container\" data-e-type=\"container\">\n\t\t\t\t\t<div class=\"e-con-inner\">\n\t\t\t\t<div class=\"elementor-element elementor-element-5a339e5 elementor-widget elementor-widget-text-editor\" data-id=\"5a339e5\" data-element_type=\"widget\" data-e-type=\"widget\" data-widget_type=\"text-editor.default\">\n\t\t\t\t<div class=\"elementor-widget-container\">\n\t\t\t\t\t\t\t\t\t<div data-olk-copy-source=\"MailCompose\"><p>El pr\u00f3ximo lunes 15 de diciembre, tendr\u00e1 lugar en el Centro de Cirug\u00eda de M\u00ednima Invasi\u00f3n Jes\u00fas Us\u00f3n (<a title=\"https:\/\/www.ccmijesususon.com\/\" href=\"https:\/\/www.ccmijesususon.com\/\">CCMIJU<\/a>), ubicado en C\u00e1ceres, la jornada \u201c<a href=\"https:\/\/jornadastransferenciaccmiju.com\/\" target=\"_blank\" rel=\"noopener\">Innovaci\u00f3n cient\u00edfica y tecnol\u00f3gica en salud: transferencia de resultados para la medicina del futuro<\/a>\u201d. El encuentro reunir\u00e1 a profesionales, investigadores y empresas con objeto de compartir avances cient\u00edficos que est\u00e1n redefiniendo el diagn\u00f3stico sanitario, la formaci\u00f3n m\u00e9dica y el desarrollo de nuevas t\u00e9cnicas y tecnolog\u00edas aplicadas a la salud.<\/p><p>De este modo, la jornada abordar\u00e1 diversas soluciones innovadoras, entre las que se incluyen herramientas basadas en Inteligencia Artificial, aplicaciones m\u00f3viles y plataformas digitales orientadas a la detecci\u00f3n temprana de enfermedades. Asimismo, se presentar\u00e1n tecnolog\u00edas inmersivas \u2014como la realidad virtual, aumentada y la simulaci\u00f3n 3D\u2014 aplicadas a la formaci\u00f3n m\u00e9dica, junto con avances en tecnolog\u00edas moleculares, an\u00e1lisis metabol\u00f3mico y nuevos enfoques para la reproducci\u00f3n de patolog\u00edas humanas, todo ello con el prop\u00f3sito de desarrollar m\u00e9todos diagn\u00f3sticos m\u00e1s precisos y eficaces.<\/p><p><a title=\"https:\/\/computaex.es\/\" href=\"https:\/\/computaex.es\/en\/\">COMPUTAEX<\/a>\u00a0forma parte del Comit\u00e9 Organizador a trav\u00e9s de su Director General, el Dr. Juan Antonio Rico, y del Responsable de Proyectos y Comunicaci\u00f3n, el Dr. Javier Corral. Adem\u00e1s, el Director participar\u00e1 en la mesa redonda \u201cImpacto de los Planes Complementarios de Biotecnolog\u00eda Aplicados a la Salud en Extremadura\u201d, que se desarrollar\u00e1 a partir de las 09:45 horas. Durante la misma, expondr\u00e1 los objetivos alcanzados por el Centro de Supercomputaci\u00f3n de Extremadura en el marco del Plan Complementario de Biotecnolog\u00eda Aplicada a la Salud. En la mesa participar\u00e1n los doctores D. Pedro M. N\u00fa\u00f1ez (<a title=\"https:\/\/www.unex.es\/\" href=\"https:\/\/www.unex.es\/\">Universidad de Extremadura<\/a>), D. Jonathan G\u00f3mez (<a title=\"https:\/\/fundesalud.es\/\" href=\"https:\/\/fundesalud.es\/\">FundeSalud<\/a>), y D. Francisco M. S\u00e1nchez-Margallo (CCMIJU). La mesa estar\u00e1 moderada por el Secretario General de Ciencia, Tecnolog\u00eda e Innovaci\u00f3n de la <a title=\"https:\/\/www.juntaex.es\/\" href=\"https:\/\/www.juntaex.es\/\">Regional Government of Extremadura<\/a>, D. Javier de Francisco.\u00a0<\/p><p>El objetivo general del Plan es el desarrollo de herramientas para diagn\u00f3stico, pron\u00f3stico y terapias avanzadas o dirigidas, en el \u00e1mbito de la medicina personalizada. COMPUTAEX participa en la L\u00ednea de actuaci\u00f3n 2, centrada en la implementaci\u00f3n y an\u00e1lisis de bases de datos aplicadas a la medicina de precisi\u00f3n, una labor que ha sido recientemente reconocida con galardones a varios de sus investigadores en los Premios a las Mejores Comunicaciones Cient\u00edficas en Ciencias Biom\u00e9dicas o de la Salud, organizados por el Instituto Universitario de Investigaci\u00f3n Biosanitaria de Extremadura (<a href=\"https:\/\/institutoinube.es\/\">INUBE<\/a>).<\/p><\/div><div>El Plan Complementario de Biotecnolog\u00eda Aplicada a la Salud est\u00e1 enmarcado en el PERTE para la Salud de Vanguardia, una iniciativa cofinanciada por el <a href=\"https:\/\/www.ciencia.gob.es\/\">Ministerio de Ciencia, Innovaci\u00f3n y Universidades<\/a> mediante fondos europeos <a href=\"https:\/\/next-generation-eu.europa.eu\/index_es\">NextGeneration- EU<\/a>\u00a0el Plan de Recuperaci\u00f3n, Transformaci\u00f3n y Resiliencia (<a title=\"https:\/\/planderecuperacion.gob.es\/\" href=\"https:\/\/planderecuperacion.gob.es\/\">PRTR<\/a>-C17.I1) y la Consejer\u00eda de Educaci\u00f3n, Ciencia y Formaci\u00f3n Profesional de la Junta de Extremadura.<\/div>\t\t\t\t\t\t\t\t<\/div>\n\t\t\t\t<\/div>\n\t\t\t\t\t<\/div>\n\t\t\t\t<\/div>\n\t\t<div class=\"elementor-element elementor-element-d043dfe e-flex e-con-boxed wpr-particle-no wpr-jarallax-no wpr-parallax-no wpr-sticky-section-no e-con e-parent\" data-id=\"d043dfe\" data-element_type=\"container\" data-e-type=\"container\">\n\t\t\t\t\t<div class=\"e-con-inner\">\n\t\t\t\t<div class=\"elementor-element elementor-element-b66f045 elementor-widget elementor-widget-image-gallery\" data-id=\"b66f045\" data-element_type=\"widget\" data-e-type=\"widget\" data-widget_type=\"image-gallery.default\">\n\t\t\t\t<div class=\"elementor-widget-container\">\n\t\t\t\t\t\t\t<div class=\"elementor-image-gallery\">\n\t\t\t<div id='gallery-1' class='gallery galleryid-10762 gallery-columns-3 gallery-size-thumbnail'><figure class='gallery-item'>\n\t\t\t<div class='gallery-icon landscape'>\n\t\t\t\t<a data-elementor-open-lightbox=\"yes\" data-elementor-lightbox-slideshow=\"b66f045\" data-e-action-hash=\"#elementor-action%3Aaction%3Dlightbox%26settings%3DeyJpZCI6MTA3OTAsInVybCI6Imh0dHBzOlwvXC9jb21wdXRhZXguZXNcL3dwLWNvbnRlbnRcL3VwbG9hZHNcLzIwMjVcLzEyXC8yMDI1MTIxNV9UcmFuc2ZlcmVuY2lhX0F2YW5jZXNfQmlvdGVjbm9sb2dpYV9DQ01JSlVfNi1zY2FsZWQuanBnIiwic2xpZGVzaG93IjoiYjY2ZjA0NSJ9\" href='https:\/\/computaex.es\/wp-content\/uploads\/2025\/12\/20251215_Transferencia_Avances_Biotecnologia_CCMIJU_6-scaled.jpg'><img decoding=\"async\" width=\"150\" height=\"150\" src=\"https:\/\/computaex.es\/wp-content\/uploads\/2025\/12\/20251215_Transferencia_Avances_Biotecnologia_CCMIJU_6-150x150.jpg\" class=\"attachment-thumbnail size-thumbnail\" alt=\"\" \/><\/a>\n\t\t\t<\/div><\/figure><figure class='gallery-item'>\n\t\t\t<div class='gallery-icon landscape'>\n\t\t\t\t<a data-elementor-open-lightbox=\"yes\" data-elementor-lightbox-slideshow=\"b66f045\" data-e-action-hash=\"#elementor-action%3Aaction%3Dlightbox%26settings%3DeyJpZCI6MTA3ODksInVybCI6Imh0dHBzOlwvXC9jb21wdXRhZXguZXNcL3dwLWNvbnRlbnRcL3VwbG9hZHNcLzIwMjVcLzEyXC8yMDI1MTIxNV9UcmFuc2ZlcmVuY2lhX0F2YW5jZXNfQmlvdGVjbm9sb2dpYV9DQ01JSlVfNS1zY2FsZWQuanBnIiwic2xpZGVzaG93IjoiYjY2ZjA0NSJ9\" href='https:\/\/computaex.es\/wp-content\/uploads\/2025\/12\/20251215_Transferencia_Avances_Biotecnologia_CCMIJU_5-scaled.jpg'><img decoding=\"async\" width=\"150\" height=\"150\" src=\"https:\/\/computaex.es\/wp-content\/uploads\/2025\/12\/20251215_Transferencia_Avances_Biotecnologia_CCMIJU_5-150x150.jpg\" class=\"attachment-thumbnail size-thumbnail\" alt=\"\" \/><\/a>\n\t\t\t<\/div><\/figure><figure class='gallery-item'>\n\t\t\t<div class='gallery-icon landscape'>\n\t\t\t\t<a data-elementor-open-lightbox=\"yes\" data-elementor-lightbox-slideshow=\"b66f045\" data-e-action-hash=\"#elementor-action%3Aaction%3Dlightbox%26settings%3DeyJpZCI6MTA3ODAsInVybCI6Imh0dHBzOlwvXC9jb21wdXRhZXguZXNcL3dwLWNvbnRlbnRcL3VwbG9hZHNcLzIwMjVcLzEyXC8yMDI1MTIxNV9UcmFuc2ZlcmVuY2lhX0F2YW5jZXNfQmlvdGVjbm9sb2dpYV9DQ01JSlU0LXNjYWxlZC5qcGciLCJzbGlkZXNob3ciOiJiNjZmMDQ1In0%3D\" href='https:\/\/computaex.es\/wp-content\/uploads\/2025\/12\/20251215_Transferencia_Avances_Biotecnologia_CCMIJU4-scaled.jpg'><img decoding=\"async\" width=\"150\" height=\"150\" src=\"https:\/\/computaex.es\/wp-content\/uploads\/2025\/12\/20251215_Transferencia_Avances_Biotecnologia_CCMIJU4-150x150.jpg\" class=\"attachment-thumbnail size-thumbnail\" alt=\"\" \/><\/a>\n\t\t\t<\/div><\/figure><figure class='gallery-item'>\n\t\t\t<div class='gallery-icon landscape'>\n\t\t\t\t<a data-elementor-open-lightbox=\"yes\" data-elementor-lightbox-slideshow=\"b66f045\" data-e-action-hash=\"#elementor-action%3Aaction%3Dlightbox%26settings%3DeyJpZCI6MTA3NzksInVybCI6Imh0dHBzOlwvXC9jb21wdXRhZXguZXNcL3dwLWNvbnRlbnRcL3VwbG9hZHNcLzIwMjVcLzEyXC8yMDI1MTIxNV9UcmFuc2ZlcmVuY2lhX0F2YW5jZXNfQmlvdGVjbm9sb2dpYV9DQ01JSlVfMy1zY2FsZWQuanBnIiwic2xpZGVzaG93IjoiYjY2ZjA0NSJ9\" href='https:\/\/computaex.es\/wp-content\/uploads\/2025\/12\/20251215_Transferencia_Avances_Biotecnologia_CCMIJU_3-scaled.jpg'><img loading=\"lazy\" decoding=\"async\" width=\"150\" height=\"150\" src=\"https:\/\/computaex.es\/wp-content\/uploads\/2025\/12\/20251215_Transferencia_Avances_Biotecnologia_CCMIJU_3-150x150.jpg\" class=\"attachment-thumbnail size-thumbnail\" alt=\"\" \/><\/a>\n\t\t\t<\/div><\/figure><figure class='gallery-item'>\n\t\t\t<div class='gallery-icon landscape'>\n\t\t\t\t<a data-elementor-open-lightbox=\"yes\" data-elementor-lightbox-slideshow=\"b66f045\" data-e-action-hash=\"#elementor-action%3Aaction%3Dlightbox%26settings%3DeyJpZCI6MTA3NzgsInVybCI6Imh0dHBzOlwvXC9jb21wdXRhZXguZXNcL3dwLWNvbnRlbnRcL3VwbG9hZHNcLzIwMjVcLzEyXC8yMDI1MTIxNV9UcmFuc2ZlcmVuY2lhX0F2YW5jZXNfQmlvdGVjbm9sb2dpYV9DQ01JSlVfMi0tc2NhbGVkLmpwZyIsInNsaWRlc2hvdyI6ImI2NmYwNDUifQ%3D%3D\" href='https:\/\/computaex.es\/wp-content\/uploads\/2025\/12\/20251215_Transferencia_Avances_Biotecnologia_CCMIJU_2--scaled.jpg'><img loading=\"lazy\" decoding=\"async\" width=\"150\" height=\"150\" src=\"https:\/\/computaex.es\/wp-content\/uploads\/2025\/12\/20251215_Transferencia_Avances_Biotecnologia_CCMIJU_2--150x150.jpg\" class=\"attachment-thumbnail size-thumbnail\" alt=\"\" \/><\/a>\n\t\t\t<\/div><\/figure><figure class='gallery-item'>\n\t\t\t<div class='gallery-icon landscape'>\n\t\t\t\t<a data-elementor-open-lightbox=\"yes\" data-elementor-lightbox-slideshow=\"b66f045\" data-e-action-hash=\"#elementor-action%3Aaction%3Dlightbox%26settings%3DeyJpZCI6MTA3NzcsInVybCI6Imh0dHBzOlwvXC9jb21wdXRhZXguZXNcL3dwLWNvbnRlbnRcL3VwbG9hZHNcLzIwMjVcLzEyXC8yMDI1MTIxNV9UcmFuc2ZlcmVuY2lhX0F2YW5jZXNfQmlvdGVjbm9sb2dpYV9DQ01JSlVfMS1zY2FsZWQuanBnIiwic2xpZGVzaG93IjoiYjY2ZjA0NSJ9\" href='https:\/\/computaex.es\/wp-content\/uploads\/2025\/12\/20251215_Transferencia_Avances_Biotecnologia_CCMIJU_1-scaled.jpg'><img loading=\"lazy\" decoding=\"async\" width=\"150\" height=\"150\" src=\"https:\/\/computaex.es\/wp-content\/uploads\/2025\/12\/20251215_Transferencia_Avances_Biotecnologia_CCMIJU_1-150x150.jpg\" class=\"attachment-thumbnail size-thumbnail\" alt=\"\" \/><\/a>\n\t\t\t<\/div><\/figure>\n\t\t<\/div>\n\t\t<\/div>\n\t\t\t\t\t\t<\/div>\n\t\t\t\t<\/div>\n\t\t\t\t\t<\/div>\n\t\t\t\t<\/div>\n\t\t\t\t<\/div>","protected":false},"excerpt":{"rendered":"<p>El pr\u00f3ximo lunes 15 de diciembre, tendr\u00e1 lugar en el Centro de Cirug\u00eda de M\u00ednima Invasi\u00f3n Jes\u00fas Us\u00f3n (CCMIJU), ubicado en C\u00e1ceres, la jornada \u201cInnovaci\u00f3n cient\u00edfica y tecnol\u00f3gica en salud: &#8230;<\/p>","protected":false},"author":1,"featured_media":10789,"comment_status":"closed","ping_status":"open","sticky":false,"template":"","format":"standard","meta":{"footnotes":""},"categories":[93],"tags":[],"class_list":["post-10762","post","type-post","status-publish","format-standard","has-post-thumbnail","hentry","category-jornadas"],"yoast_head":"<!-- This site is optimized with the Yoast SEO plugin v27.1.1 - https:\/\/yoast.com\/product\/yoast-seo-wordpress\/ -->\n<title>COMPUTAEX presenta sus avances en medicina de precisi\u00f3n en el marco del Plan de Biotecnolog\u00eda aplicada a la Salud - Fundaci\u00f3n COMPUTAEX<\/title>\n<meta name=\"robots\" content=\"index, follow, max-snippet:-1, max-image-preview:large, max-video-preview:-1\" \/>\n<link rel=\"canonical\" href=\"https:\/\/computaex.es\/en\/jornadas\/computaex-presenta-sus-avances-en-medicina-de-precision-en-el-marco-del-plan-de-biotecnologia-aplicada-a-la-salud\/\" \/>\n<meta property=\"og:locale\" content=\"en_US\" \/>\n<meta property=\"og:type\" content=\"article\" \/>\n<meta property=\"og:title\" content=\"COMPUTAEX presenta sus avances en medicina de precisi\u00f3n en el marco del Plan de Biotecnolog\u00eda aplicada a la Salud - Fundaci\u00f3n COMPUTAEX\" \/>\n<meta property=\"og:description\" content=\"El pr\u00f3ximo lunes 15 de diciembre, tendr\u00e1 lugar en el Centro de Cirug\u00eda de M\u00ednima Invasi\u00f3n Jes\u00fas Us\u00f3n (CCMIJU), ubicado en C\u00e1ceres, la jornada \u201cInnovaci\u00f3n cient\u00edfica y tecnol\u00f3gica en salud: ...\" \/>\n<meta property=\"og:url\" content=\"https:\/\/computaex.es\/en\/jornadas\/computaex-presenta-sus-avances-en-medicina-de-precision-en-el-marco-del-plan-de-biotecnologia-aplicada-a-la-salud\/\" \/>\n<meta property=\"og:site_name\" content=\"Fundaci\u00f3n COMPUTAEX\" \/>\n<meta property=\"article:publisher\" content=\"https:\/\/m.facebook.com\/computaex\/\" \/>\n<meta property=\"article:published_time\" content=\"2025-12-12T14:29:21+00:00\" \/>\n<meta property=\"article:modified_time\" content=\"2025-12-15T09:49:21+00:00\" \/>\n<meta property=\"og:image\" content=\"https:\/\/computaex.es\/wp-content\/uploads\/2025\/12\/20251215_Transferencia_Avances_Biotecnologia_CCMIJU_5-scaled.jpg\" \/>\n\t<meta property=\"og:image:width\" content=\"2560\" \/>\n\t<meta property=\"og:image:height\" content=\"1441\" \/>\n\t<meta property=\"og:image:type\" content=\"image\/jpeg\" \/>\n<meta name=\"author\" content=\"COMPUTAEX\" \/>\n<meta name=\"twitter:card\" content=\"summary_large_image\" \/>\n<meta name=\"twitter:creator\" content=\"@computaex\" \/>\n<meta name=\"twitter:site\" content=\"@computaex\" \/>\n<meta name=\"twitter:label1\" content=\"Written by\" \/>\n\t<meta name=\"twitter:data1\" content=\"COMPUTAEX\" \/>\n\t<meta name=\"twitter:label2\" content=\"Est. reading time\" \/>\n\t<meta name=\"twitter:data2\" content=\"4 minutes\" \/>\n<script type=\"application\/ld+json\" class=\"yoast-schema-graph\">{\"@context\":\"https:\/\/schema.org\",\"@graph\":[{\"@type\":\"Article\",\"@id\":\"https:\/\/computaex.es\/jornadas\/computaex-presenta-sus-avances-en-medicina-de-precision-en-el-marco-del-plan-de-biotecnologia-aplicada-a-la-salud\/#article\",\"isPartOf\":{\"@id\":\"https:\/\/computaex.es\/jornadas\/computaex-presenta-sus-avances-en-medicina-de-precision-en-el-marco-del-plan-de-biotecnologia-aplicada-a-la-salud\/\"},\"author\":{\"name\":\"COMPUTAEX\",\"@id\":\"https:\/\/computaex.es\/#\/schema\/person\/56c40e6e76e66bddcd36a39cb6d96e54\"},\"headline\":\"COMPUTAEX presenta sus avances en medicina de precisi\u00f3n en el marco del Plan de Biotecnolog\u00eda aplicada a la Salud\",\"datePublished\":\"2025-12-12T14:29:21+00:00\",\"dateModified\":\"2025-12-15T09:49:21+00:00\",\"mainEntityOfPage\":{\"@id\":\"https:\/\/computaex.es\/jornadas\/computaex-presenta-sus-avances-en-medicina-de-precision-en-el-marco-del-plan-de-biotecnologia-aplicada-a-la-salud\/\"},\"wordCount\":509,\"publisher\":{\"@id\":\"https:\/\/computaex.es\/#organization\"},\"image\":{\"@id\":\"https:\/\/computaex.es\/jornadas\/computaex-presenta-sus-avances-en-medicina-de-precision-en-el-marco-del-plan-de-biotecnologia-aplicada-a-la-salud\/#primaryimage\"},\"thumbnailUrl\":\"https:\/\/computaex.es\/wp-content\/uploads\/2025\/12\/20251215_Transferencia_Avances_Biotecnologia_CCMIJU_5-scaled.jpg\",\"articleSection\":[\"Jornadas\"],\"inLanguage\":\"en-US\"},{\"@type\":\"WebPage\",\"@id\":\"https:\/\/computaex.es\/jornadas\/computaex-presenta-sus-avances-en-medicina-de-precision-en-el-marco-del-plan-de-biotecnologia-aplicada-a-la-salud\/\",\"url\":\"https:\/\/computaex.es\/jornadas\/computaex-presenta-sus-avances-en-medicina-de-precision-en-el-marco-del-plan-de-biotecnologia-aplicada-a-la-salud\/\",\"name\":\"COMPUTAEX presenta sus avances en medicina de precisi\u00f3n en el marco del Plan de Biotecnolog\u00eda aplicada a la Salud - Fundaci\u00f3n COMPUTAEX\",\"isPartOf\":{\"@id\":\"https:\/\/computaex.es\/#website\"},\"primaryImageOfPage\":{\"@id\":\"https:\/\/computaex.es\/jornadas\/computaex-presenta-sus-avances-en-medicina-de-precision-en-el-marco-del-plan-de-biotecnologia-aplicada-a-la-salud\/#primaryimage\"},\"image\":{\"@id\":\"https:\/\/computaex.es\/jornadas\/computaex-presenta-sus-avances-en-medicina-de-precision-en-el-marco-del-plan-de-biotecnologia-aplicada-a-la-salud\/#primaryimage\"},\"thumbnailUrl\":\"https:\/\/computaex.es\/wp-content\/uploads\/2025\/12\/20251215_Transferencia_Avances_Biotecnologia_CCMIJU_5-scaled.jpg\",\"datePublished\":\"2025-12-12T14:29:21+00:00\",\"dateModified\":\"2025-12-15T09:49:21+00:00\",\"breadcrumb\":{\"@id\":\"https:\/\/computaex.es\/jornadas\/computaex-presenta-sus-avances-en-medicina-de-precision-en-el-marco-del-plan-de-biotecnologia-aplicada-a-la-salud\/#breadcrumb\"},\"inLanguage\":\"en-US\",\"potentialAction\":[{\"@type\":\"ReadAction\",\"target\":[\"https:\/\/computaex.es\/jornadas\/computaex-presenta-sus-avances-en-medicina-de-precision-en-el-marco-del-plan-de-biotecnologia-aplicada-a-la-salud\/\"]}]},{\"@type\":\"ImageObject\",\"inLanguage\":\"en-US\",\"@id\":\"https:\/\/computaex.es\/jornadas\/computaex-presenta-sus-avances-en-medicina-de-precision-en-el-marco-del-plan-de-biotecnologia-aplicada-a-la-salud\/#primaryimage\",\"url\":\"https:\/\/computaex.es\/wp-content\/uploads\/2025\/12\/20251215_Transferencia_Avances_Biotecnologia_CCMIJU_5-scaled.jpg\",\"contentUrl\":\"https:\/\/computaex.es\/wp-content\/uploads\/2025\/12\/20251215_Transferencia_Avances_Biotecnologia_CCMIJU_5-scaled.jpg\",\"width\":2560,\"height\":1441},{\"@type\":\"BreadcrumbList\",\"@id\":\"https:\/\/computaex.es\/jornadas\/computaex-presenta-sus-avances-en-medicina-de-precision-en-el-marco-del-plan-de-biotecnologia-aplicada-a-la-salud\/#breadcrumb\",\"itemListElement\":[{\"@type\":\"ListItem\",\"position\":1,\"name\":\"Portada\",\"item\":\"https:\/\/computaex.es\/\"},{\"@type\":\"ListItem\",\"position\":2,\"name\":\"COMPUTAEX presenta sus avances en medicina de precisi\u00f3n en el marco del Plan de Biotecnolog\u00eda aplicada a la Salud\"}]},{\"@type\":\"WebSite\",\"@id\":\"https:\/\/computaex.es\/#website\",\"url\":\"https:\/\/computaex.es\/\",\"name\":\"Fundaci\u00f3n COMPUTAEX\",\"description\":\"COMPUTAEX\",\"publisher\":{\"@id\":\"https:\/\/computaex.es\/#organization\"},\"potentialAction\":[{\"@type\":\"SearchAction\",\"target\":{\"@type\":\"EntryPoint\",\"urlTemplate\":\"https:\/\/computaex.es\/?s={search_term_string}\"},\"query-input\":{\"@type\":\"PropertyValueSpecification\",\"valueRequired\":true,\"valueName\":\"search_term_string\"}}],\"inLanguage\":\"en-US\"},{\"@type\":\"Organization\",\"@id\":\"https:\/\/computaex.es\/#organization\",\"name\":\"COMPUTAEX\",\"url\":\"https:\/\/computaex.es\/\",\"logo\":{\"@type\":\"ImageObject\",\"inLanguage\":\"en-US\",\"@id\":\"https:\/\/computaex.es\/#\/schema\/logo\/image\/\",\"url\":\"https:\/\/computaex.es\/wp-content\/uploads\/2025\/05\/cropped-COMPUTAEX_transparente-scaled-1.png\",\"contentUrl\":\"https:\/\/computaex.es\/wp-content\/uploads\/2025\/05\/cropped-COMPUTAEX_transparente-scaled-1.png\",\"width\":2560,\"height\":970,\"caption\":\"COMPUTAEX\"},\"image\":{\"@id\":\"https:\/\/computaex.es\/#\/schema\/logo\/image\/\"},\"sameAs\":[\"https:\/\/m.facebook.com\/computaex\/\",\"https:\/\/x.com\/computaex\",\"https:\/\/es.linkedin.com\/company\/cenits\"]},{\"@type\":\"Person\",\"@id\":\"https:\/\/computaex.es\/#\/schema\/person\/56c40e6e76e66bddcd36a39cb6d96e54\",\"name\":\"COMPUTAEX\",\"image\":{\"@type\":\"ImageObject\",\"inLanguage\":\"en-US\",\"@id\":\"https:\/\/computaex.es\/#\/schema\/person\/image\/\",\"url\":\"https:\/\/secure.gravatar.com\/avatar\/4326f71d26728864745e3897d70bc6d2436e3971500de06e3156d3482a35fc34?s=96&d=mm&r=g\",\"contentUrl\":\"https:\/\/secure.gravatar.com\/avatar\/4326f71d26728864745e3897d70bc6d2436e3971500de06e3156d3482a35fc34?s=96&d=mm&r=g\",\"caption\":\"COMPUTAEX\"},\"sameAs\":[\"http:\/\/10.128.3.28\"],\"url\":\"https:\/\/computaex.es\/en\/author\/admincenits\/\"}]}<\/script>\n<!-- \/ Yoast SEO plugin. -->","yoast_head_json":{"title":"COMPUTAEX presenta sus avances en medicina de precisi\u00f3n en el marco del Plan de Biotecnolog\u00eda aplicada a la Salud - Fundaci\u00f3n COMPUTAEX","robots":{"index":"index","follow":"follow","max-snippet":"max-snippet:-1","max-image-preview":"max-image-preview:large","max-video-preview":"max-video-preview:-1"},"canonical":"https:\/\/computaex.es\/en\/jornadas\/computaex-presenta-sus-avances-en-medicina-de-precision-en-el-marco-del-plan-de-biotecnologia-aplicada-a-la-salud\/","og_locale":"en_US","og_type":"article","og_title":"COMPUTAEX presenta sus avances en medicina de precisi\u00f3n en el marco del Plan de Biotecnolog\u00eda aplicada a la Salud - Fundaci\u00f3n COMPUTAEX","og_description":"El pr\u00f3ximo lunes 15 de diciembre, tendr\u00e1 lugar en el Centro de Cirug\u00eda de M\u00ednima Invasi\u00f3n Jes\u00fas Us\u00f3n (CCMIJU), ubicado en C\u00e1ceres, la jornada \u201cInnovaci\u00f3n cient\u00edfica y tecnol\u00f3gica en salud: ...","og_url":"https:\/\/computaex.es\/en\/jornadas\/computaex-presenta-sus-avances-en-medicina-de-precision-en-el-marco-del-plan-de-biotecnologia-aplicada-a-la-salud\/","og_site_name":"Fundaci\u00f3n COMPUTAEX","article_publisher":"https:\/\/m.facebook.com\/computaex\/","article_published_time":"2025-12-12T14:29:21+00:00","article_modified_time":"2025-12-15T09:49:21+00:00","og_image":[{"width":2560,"height":1441,"url":"https:\/\/computaex.es\/wp-content\/uploads\/2025\/12\/20251215_Transferencia_Avances_Biotecnologia_CCMIJU_5-scaled.jpg","type":"image\/jpeg"}],"author":"COMPUTAEX","twitter_card":"summary_large_image","twitter_creator":"@computaex","twitter_site":"@computaex","twitter_misc":{"Written by":"COMPUTAEX","Est. reading time":"4 minutes"},"schema":{"@context":"https:\/\/schema.org","@graph":[{"@type":"Article","@id":"https:\/\/computaex.es\/jornadas\/computaex-presenta-sus-avances-en-medicina-de-precision-en-el-marco-del-plan-de-biotecnologia-aplicada-a-la-salud\/#article","isPartOf":{"@id":"https:\/\/computaex.es\/jornadas\/computaex-presenta-sus-avances-en-medicina-de-precision-en-el-marco-del-plan-de-biotecnologia-aplicada-a-la-salud\/"},"author":{"name":"COMPUTAEX","@id":"https:\/\/computaex.es\/#\/schema\/person\/56c40e6e76e66bddcd36a39cb6d96e54"},"headline":"COMPUTAEX presenta sus avances en medicina de precisi\u00f3n en el marco del Plan de Biotecnolog\u00eda aplicada a la Salud","datePublished":"2025-12-12T14:29:21+00:00","dateModified":"2025-12-15T09:49:21+00:00","mainEntityOfPage":{"@id":"https:\/\/computaex.es\/jornadas\/computaex-presenta-sus-avances-en-medicina-de-precision-en-el-marco-del-plan-de-biotecnologia-aplicada-a-la-salud\/"},"wordCount":509,"publisher":{"@id":"https:\/\/computaex.es\/#organization"},"image":{"@id":"https:\/\/computaex.es\/jornadas\/computaex-presenta-sus-avances-en-medicina-de-precision-en-el-marco-del-plan-de-biotecnologia-aplicada-a-la-salud\/#primaryimage"},"thumbnailUrl":"https:\/\/computaex.es\/wp-content\/uploads\/2025\/12\/20251215_Transferencia_Avances_Biotecnologia_CCMIJU_5-scaled.jpg","articleSection":["Jornadas"],"inLanguage":"en-US"},{"@type":"WebPage","@id":"https:\/\/computaex.es\/jornadas\/computaex-presenta-sus-avances-en-medicina-de-precision-en-el-marco-del-plan-de-biotecnologia-aplicada-a-la-salud\/","url":"https:\/\/computaex.es\/jornadas\/computaex-presenta-sus-avances-en-medicina-de-precision-en-el-marco-del-plan-de-biotecnologia-aplicada-a-la-salud\/","name":"COMPUTAEX presenta sus avances en medicina de precisi\u00f3n en el marco del Plan de Biotecnolog\u00eda aplicada a la Salud - Fundaci\u00f3n COMPUTAEX","isPartOf":{"@id":"https:\/\/computaex.es\/#website"},"primaryImageOfPage":{"@id":"https:\/\/computaex.es\/jornadas\/computaex-presenta-sus-avances-en-medicina-de-precision-en-el-marco-del-plan-de-biotecnologia-aplicada-a-la-salud\/#primaryimage"},"image":{"@id":"https:\/\/computaex.es\/jornadas\/computaex-presenta-sus-avances-en-medicina-de-precision-en-el-marco-del-plan-de-biotecnologia-aplicada-a-la-salud\/#primaryimage"},"thumbnailUrl":"https:\/\/computaex.es\/wp-content\/uploads\/2025\/12\/20251215_Transferencia_Avances_Biotecnologia_CCMIJU_5-scaled.jpg","datePublished":"2025-12-12T14:29:21+00:00","dateModified":"2025-12-15T09:49:21+00:00","breadcrumb":{"@id":"https:\/\/computaex.es\/jornadas\/computaex-presenta-sus-avances-en-medicina-de-precision-en-el-marco-del-plan-de-biotecnologia-aplicada-a-la-salud\/#breadcrumb"},"inLanguage":"en-US","potentialAction":[{"@type":"ReadAction","target":["https:\/\/computaex.es\/jornadas\/computaex-presenta-sus-avances-en-medicina-de-precision-en-el-marco-del-plan-de-biotecnologia-aplicada-a-la-salud\/"]}]},{"@type":"ImageObject","inLanguage":"en-US","@id":"https:\/\/computaex.es\/jornadas\/computaex-presenta-sus-avances-en-medicina-de-precision-en-el-marco-del-plan-de-biotecnologia-aplicada-a-la-salud\/#primaryimage","url":"https:\/\/computaex.es\/wp-content\/uploads\/2025\/12\/20251215_Transferencia_Avances_Biotecnologia_CCMIJU_5-scaled.jpg","contentUrl":"https:\/\/computaex.es\/wp-content\/uploads\/2025\/12\/20251215_Transferencia_Avances_Biotecnologia_CCMIJU_5-scaled.jpg","width":2560,"height":1441},{"@type":"BreadcrumbList","@id":"https:\/\/computaex.es\/jornadas\/computaex-presenta-sus-avances-en-medicina-de-precision-en-el-marco-del-plan-de-biotecnologia-aplicada-a-la-salud\/#breadcrumb","itemListElement":[{"@type":"ListItem","position":1,"name":"Portada","item":"https:\/\/computaex.es\/"},{"@type":"ListItem","position":2,"name":"COMPUTAEX presenta sus avances en medicina de precisi\u00f3n en el marco del Plan de Biotecnolog\u00eda aplicada a la Salud"}]},{"@type":"WebSite","@id":"https:\/\/computaex.es\/#website","url":"https:\/\/computaex.es\/","name":"COMPUTAEX Foundation","description":"COMPUTAEX","publisher":{"@id":"https:\/\/computaex.es\/#organization"},"potentialAction":[{"@type":"SearchAction","target":{"@type":"EntryPoint","urlTemplate":"https:\/\/computaex.es\/?s={search_term_string}"},"query-input":{"@type":"PropertyValueSpecification","valueRequired":true,"valueName":"search_term_string"}}],"inLanguage":"en-US"},{"@type":"Organization","@id":"https:\/\/computaex.es\/#organization","name":"COMPUTAEX","url":"https:\/\/computaex.es\/","logo":{"@type":"ImageObject","inLanguage":"en-US","@id":"https:\/\/computaex.es\/#\/schema\/logo\/image\/","url":"https:\/\/computaex.es\/wp-content\/uploads\/2025\/05\/cropped-COMPUTAEX_transparente-scaled-1.png","contentUrl":"https:\/\/computaex.es\/wp-content\/uploads\/2025\/05\/cropped-COMPUTAEX_transparente-scaled-1.png","width":2560,"height":970,"caption":"COMPUTAEX"},"image":{"@id":"https:\/\/computaex.es\/#\/schema\/logo\/image\/"},"sameAs":["https:\/\/m.facebook.com\/computaex\/","https:\/\/x.com\/computaex","https:\/\/es.linkedin.com\/company\/cenits"]},{"@type":"Person","@id":"https:\/\/computaex.es\/#\/schema\/person\/56c40e6e76e66bddcd36a39cb6d96e54","name":"COMPUTAEX","image":{"@type":"ImageObject","inLanguage":"en-US","@id":"https:\/\/computaex.es\/#\/schema\/person\/image\/","url":"https:\/\/secure.gravatar.com\/avatar\/4326f71d26728864745e3897d70bc6d2436e3971500de06e3156d3482a35fc34?s=96&d=mm&r=g","contentUrl":"https:\/\/secure.gravatar.com\/avatar\/4326f71d26728864745e3897d70bc6d2436e3971500de06e3156d3482a35fc34?s=96&d=mm&r=g","caption":"COMPUTAEX"},"sameAs":["http:\/\/10.128.3.28"],"url":"https:\/\/computaex.es\/en\/author\/admincenits\/"}]}},"_links":{"self":[{"href":"https:\/\/computaex.es\/en\/wp-json\/wp\/v2\/posts\/10762","targetHints":{"allow":["GET"]}}],"collection":[{"href":"https:\/\/computaex.es\/en\/wp-json\/wp\/v2\/posts"}],"about":[{"href":"https:\/\/computaex.es\/en\/wp-json\/wp\/v2\/types\/post"}],"author":[{"embeddable":true,"href":"https:\/\/computaex.es\/en\/wp-json\/wp\/v2\/users\/1"}],"replies":[{"embeddable":true,"href":"https:\/\/computaex.es\/en\/wp-json\/wp\/v2\/comments?post=10762"}],"version-history":[{"count":27,"href":"https:\/\/computaex.es\/en\/wp-json\/wp\/v2\/posts\/10762\/revisions"}],"predecessor-version":[{"id":10800,"href":"https:\/\/computaex.es\/en\/wp-json\/wp\/v2\/posts\/10762\/revisions\/10800"}],"wp:featuredmedia":[{"embeddable":true,"href":"https:\/\/computaex.es\/en\/wp-json\/wp\/v2\/media\/10789"}],"wp:attachment":[{"href":"https:\/\/computaex.es\/en\/wp-json\/wp\/v2\/media?parent=10762"}],"wp:term":[{"taxonomy":"category","embeddable":true,"href":"https:\/\/computaex.es\/en\/wp-json\/wp\/v2\/categories?post=10762"},{"taxonomy":"post_tag","embeddable":true,"href":"https:\/\/computaex.es\/en\/wp-json\/wp\/v2\/tags?post=10762"}],"curies":[{"name":"wp","href":"https:\/\/api.w.org\/{rel}","templated":true}]}}