{"id":10848,"date":"2025-12-18T13:44:16","date_gmt":"2025-12-18T12:44:16","guid":{"rendered":"https:\/\/computaex.es\/?p=10848"},"modified":"2026-03-24T09:25:10","modified_gmt":"2026-03-24T08:25:10","slug":"computaex-presenta-sus-iniciativas-en-inteligencia-artificial-y-tecnologias-cuanticas-en-la-ii-international-quantum-business-conference","status":"publish","type":"post","link":"https:\/\/computaex.es\/en\/conferencias\/computaex-presenta-sus-iniciativas-en-inteligencia-artificial-y-tecnologias-cuanticas-en-la-ii-international-quantum-business-conference\/","title":{"rendered":"COMPUTAEX presenta sus iniciativas en Inteligencia Artificial y tecnolog\u00edas cu\u00e1nticas en la II International Quantum Business Conference"},"content":{"rendered":"\t\t<div data-elementor-type=\"wp-post\" data-elementor-id=\"10848\" class=\"elementor elementor-10848\">\n\t\t\t\t<div class=\"elementor-element elementor-element-15bec1d e-flex e-con-boxed wpr-particle-no wpr-jarallax-no wpr-parallax-no wpr-sticky-section-no e-con e-parent\" data-id=\"15bec1d\" data-element_type=\"container\" data-e-type=\"container\">\n\t\t\t\t\t<div class=\"e-con-inner\">\n\t\t\t\t<div class=\"elementor-element elementor-element-cc30c19 elementor-widget elementor-widget-text-editor\" data-id=\"cc30c19\" data-element_type=\"widget\" data-e-type=\"widget\" data-widget_type=\"text-editor.default\">\n\t\t\t\t<div class=\"elementor-widget-container\">\n\t\t\t\t\t\t\t\t\t<p style=\"text-align: justify;\">Los d\u00edas 17 y 18 de diciembre de 2025 se ha celebrado en Santiago de Compostela la segunda edici\u00f3n de la International Quantum Business Conference (I<a href=\"https:\/\/events.global.fujitsu.com\/r7\/runtime\/fujitsu\/eventportal\/apps\/website\/index.php?site=01987acc-c1cc-78f4-a1bb-83e9c1923c27&amp;l=en&amp;s=pages.index&amp;__s=db10a7613b4eb9e08590c9d24347591a2d29a1093ecfedf3029b3bac021c2db0\">QBC<\/a>), organizada por Fsas Technologies en colaboraci\u00f3n con el Centro de Supercomputaci\u00f3n de Galicia (<a href=\"https:\/\/www.cesga.es\/\">CESGA<\/a>) y la <a href=\"https:\/\/www.xunta.gal\/portada\">Xunta<\/a> de Galicia. Este foro internacional ha servido como punto de encuentro para debatir sobre el presente y el futuro de la computaci\u00f3n y las comunicaciones cu\u00e1nticas en Europa.<\/p><p>El Dr. Juan Antonio Rico, Director General del Centro Extreme\u00f1o de Supercomputaci\u00f3n (<a href=\"https:\/\/computaex.es\/\">COMPUTAEX<\/a>), ha participado como ponente en la mesa redonda titulada \u00abR&amp;D Centers driving the next transformation: Quantum and AI Factories\u00bb. En su intervenci\u00f3n, ha presentado las nuevas l\u00edneas de servicios e investigaci\u00f3n que est\u00e1n emergiendo en los centros tecnol\u00f3gicos vinculadas tanto al desarrollo de tecnolog\u00edas cu\u00e1nticas como a la creaci\u00f3n de las denominadas Factor\u00edas de Inteligencia Artificial. Asimismo, ha destacado la necesidad de una visi\u00f3n integrada entre computaci\u00f3n cu\u00e1ntica, inteligencia artificial y supercomputaci\u00f3n para impulsar una transformaci\u00f3n digital basada en la innovaci\u00f3n cient\u00edfica.<\/p><p>El Director ha compartido mesa con destacadas personalidades del \u00e1mbito tecnol\u00f3gico europeo, entre las que se encontraban D\u00f1a. Nat\u0101lija \u010cer\u0146ecka, Directora del Centro Nacional de Inteligencia Artificial de Letonia; D. Ignacio Rodr\u00edguez, Vicepresidente de Ventas para EMEA en Supermicro; D. Miguel Fajardo, Director Ejecutivo de Estrategia en Quantum &amp; HPC Fsas Technologies; y D. Lois Orosa, Director del CESGA.<\/p><p>La II edici\u00f3n de la IQBC ha congregado a investigadores, responsables institucionales, proveedores tecnol\u00f3gicos y representantes de la industria, con el objetivo de explorar v\u00edas para escalar las capacidades cu\u00e1nticas, cerrar la brecha entre investigaci\u00f3n y comercializaci\u00f3n, y consolidar este campo como eje de la transformaci\u00f3n digital. Las actividades han incluido sesiones plenarias, ponencias magistrales, mesas redondas, reuniones bilaterales y una visita guiada al ordenador cu\u00e1ntico QMIO, ubicado en las instalaciones del CESGA.<\/p><p>La participaci\u00f3n de COMPUTAEX en este encuentro internacional refuerza su compromiso con el desarrollo del ecosistema cu\u00e1ntico europeo y su papel activo en las iniciativas p\u00fablicas orientadas a fomentar la convergencia entre Supercomputaci\u00f3n, Inteligencia Artificial y tecnolog\u00edas cu\u00e1nticas.<\/p><p>Noticia relacionada:<\/p><p>\u00c9xito de la segunda jornada de la II International Quantum Business Conference celebrada en Santiago [<a href=\"https:\/\/www.elespanol.com\/quincemil\/economia\/tecnologia\/20251218\/exito-segunda-jornada-ii-international-quantum-business-conference-celebrada-santiago\/1003744060865_0.html\">El Espa\u00f1ol<\/a>].<\/p>\t\t\t\t\t\t\t\t<\/div>\n\t\t\t\t<\/div>\n\t\t\t\t\t<\/div>\n\t\t\t\t<\/div>\n\t\t<div class=\"elementor-element elementor-element-d04416a e-flex e-con-boxed wpr-particle-no wpr-jarallax-no wpr-parallax-no wpr-sticky-section-no e-con e-parent\" data-id=\"d04416a\" data-element_type=\"container\" data-e-type=\"container\">\n\t\t\t\t\t<div class=\"e-con-inner\">\n\t\t\t\t<div class=\"elementor-element elementor-element-e976333 elementor-widget elementor-widget-image-gallery\" data-id=\"e976333\" data-element_type=\"widget\" data-e-type=\"widget\" data-widget_type=\"image-gallery.default\">\n\t\t\t\t<div class=\"elementor-widget-container\">\n\t\t\t\t\t\t\t<div class=\"elementor-image-gallery\">\n\t\t\t<div id='gallery-1' class='gallery galleryid-10848 gallery-columns-3 gallery-size-thumbnail'><figure class='gallery-item'>\n\t\t\t<div class='gallery-icon portrait'>\n\t\t\t\t<a data-elementor-open-lightbox=\"yes\" data-elementor-lightbox-slideshow=\"e976333\" data-e-action-hash=\"#elementor-action%3Aaction%3Dlightbox%26settings%3DeyJpZCI6MTA4NTAsInVybCI6Imh0dHBzOlwvXC9jb21wdXRhZXguZXNcL3dwLWNvbnRlbnRcL3VwbG9hZHNcLzIwMjVcLzEyXC8yMDI1MTIxOF9JSV9JbnRlcm50YWlvbmFsX1F1YW50dW1fQnVzaW5lc3NfQ29uZmVyZW5jZV9JUUIyNV8yLmpwZWciLCJzbGlkZXNob3ciOiJlOTc2MzMzIn0%3D\" href='https:\/\/computaex.es\/wp-content\/uploads\/2025\/12\/20251218_II_Interntaional_Quantum_Business_Conference_IQB25_2.jpeg'><img decoding=\"async\" width=\"150\" height=\"150\" src=\"https:\/\/computaex.es\/wp-content\/uploads\/2025\/12\/20251218_II_Interntaional_Quantum_Business_Conference_IQB25_2-150x150.jpeg\" class=\"attachment-thumbnail size-thumbnail\" alt=\"\" \/><\/a>\n\t\t\t<\/div><\/figure><figure class='gallery-item'>\n\t\t\t<div class='gallery-icon portrait'>\n\t\t\t\t<a data-elementor-open-lightbox=\"yes\" data-elementor-lightbox-slideshow=\"e976333\" data-e-action-hash=\"#elementor-action%3Aaction%3Dlightbox%26settings%3DeyJpZCI6MTA4NTEsInVybCI6Imh0dHBzOlwvXC9jb21wdXRhZXguZXNcL3dwLWNvbnRlbnRcL3VwbG9hZHNcLzIwMjVcLzEyXC8yMDI1MTIxOF9JSV9JbnRlcm50YWlvbmFsX1F1YW50dW1fQnVzaW5lc3NfQ29uZmVyZW5jZV9JUUIyNV8zLmpwZWciLCJzbGlkZXNob3ciOiJlOTc2MzMzIn0%3D\" href='https:\/\/computaex.es\/wp-content\/uploads\/2025\/12\/20251218_II_Interntaional_Quantum_Business_Conference_IQB25_3.jpeg'><img decoding=\"async\" width=\"150\" height=\"150\" src=\"https:\/\/computaex.es\/wp-content\/uploads\/2025\/12\/20251218_II_Interntaional_Quantum_Business_Conference_IQB25_3-150x150.jpeg\" class=\"attachment-thumbnail size-thumbnail\" alt=\"\" \/><\/a>\n\t\t\t<\/div><\/figure><figure class='gallery-item'>\n\t\t\t<div class='gallery-icon portrait'>\n\t\t\t\t<a data-elementor-open-lightbox=\"yes\" data-elementor-lightbox-slideshow=\"e976333\" data-e-action-hash=\"#elementor-action%3Aaction%3Dlightbox%26settings%3DeyJpZCI6MTA4NDksInVybCI6Imh0dHBzOlwvXC9jb21wdXRhZXguZXNcL3dwLWNvbnRlbnRcL3VwbG9hZHNcLzIwMjVcLzEyXC8yMDI1MTIxOF9JSV9JbnRlcm50YWlvbmFsX1F1YW50dW1fQnVzaW5lc3NfQ29uZmVyZW5jZV9JUUIyNV8xLmpwZWciLCJzbGlkZXNob3ciOiJlOTc2MzMzIn0%3D\" href='https:\/\/computaex.es\/wp-content\/uploads\/2025\/12\/20251218_II_Interntaional_Quantum_Business_Conference_IQB25_1.jpeg'><img decoding=\"async\" width=\"150\" height=\"150\" src=\"https:\/\/computaex.es\/wp-content\/uploads\/2025\/12\/20251218_II_Interntaional_Quantum_Business_Conference_IQB25_1-150x150.jpeg\" class=\"attachment-thumbnail size-thumbnail\" alt=\"\" \/><\/a>\n\t\t\t<\/div><\/figure>\n\t\t<\/div>\n\t\t<\/div>\n\t\t\t\t\t\t<\/div>\n\t\t\t\t<\/div>\n\t\t\t\t\t<\/div>\n\t\t\t\t<\/div>\n\t\t\t\t<\/div>\n\t\t","protected":false},"excerpt":{"rendered":"<p>Los d\u00edas 17 y 18 de diciembre de 2025 se ha celebrado en Santiago de Compostela la segunda edici\u00f3n de la International Quantum Business Conference (IQBC), organizada por Fsas Technologies &#8230;<\/p>","protected":false},"author":1,"featured_media":10849,"comment_status":"closed","ping_status":"open","sticky":false,"template":"","format":"standard","meta":{"footnotes":""},"categories":[97],"tags":[],"class_list":["post-10848","post","type-post","status-publish","format-standard","has-post-thumbnail","hentry","category-conferencias"],"yoast_head":"<!-- This site is optimized with the Yoast SEO plugin v27.1.1 - https:\/\/yoast.com\/product\/yoast-seo-wordpress\/ -->\n<title>COMPUTAEX presenta sus iniciativas en Inteligencia Artificial y tecnolog\u00edas cu\u00e1nticas en la II International Quantum Business Conference - Fundaci\u00f3n COMPUTAEX<\/title>\n<meta name=\"robots\" content=\"index, follow, max-snippet:-1, max-image-preview:large, max-video-preview:-1\" \/>\n<link rel=\"canonical\" href=\"https:\/\/computaex.es\/en\/conferencias\/computaex-presenta-sus-iniciativas-en-inteligencia-artificial-y-tecnologias-cuanticas-en-la-ii-international-quantum-business-conference\/\" \/>\n<meta property=\"og:locale\" content=\"en_US\" \/>\n<meta property=\"og:type\" content=\"article\" \/>\n<meta property=\"og:title\" content=\"COMPUTAEX presenta sus iniciativas en Inteligencia Artificial y tecnolog\u00edas cu\u00e1nticas en la II International Quantum Business Conference - Fundaci\u00f3n COMPUTAEX\" \/>\n<meta property=\"og:description\" content=\"Los d\u00edas 17 y 18 de diciembre de 2025 se ha celebrado en Santiago de Compostela la segunda edici\u00f3n de la International Quantum Business Conference (IQBC), organizada por Fsas Technologies ...\" \/>\n<meta property=\"og:url\" content=\"https:\/\/computaex.es\/en\/conferencias\/computaex-presenta-sus-iniciativas-en-inteligencia-artificial-y-tecnologias-cuanticas-en-la-ii-international-quantum-business-conference\/\" \/>\n<meta property=\"og:site_name\" content=\"Fundaci\u00f3n COMPUTAEX\" \/>\n<meta property=\"article:publisher\" content=\"https:\/\/m.facebook.com\/computaex\/\" \/>\n<meta property=\"article:published_time\" content=\"2025-12-18T12:44:16+00:00\" \/>\n<meta property=\"article:modified_time\" content=\"2026-03-24T08:25:10+00:00\" \/>\n<meta property=\"og:image\" content=\"https:\/\/computaex.es\/wp-content\/uploads\/2025\/12\/20251218_II_Interntaional_Quantum_Business_Conference_IQB25_1.jpeg\" \/>\n\t<meta property=\"og:image:width\" content=\"960\" \/>\n\t<meta property=\"og:image:height\" content=\"1280\" \/>\n\t<meta property=\"og:image:type\" content=\"image\/jpeg\" \/>\n<meta name=\"author\" content=\"COMPUTAEX\" \/>\n<meta name=\"twitter:card\" content=\"summary_large_image\" \/>\n<meta name=\"twitter:creator\" content=\"@computaex\" \/>\n<meta name=\"twitter:site\" content=\"@computaex\" \/>\n<meta name=\"twitter:label1\" content=\"Written by\" \/>\n\t<meta name=\"twitter:data1\" content=\"COMPUTAEX\" \/>\n\t<meta name=\"twitter:label2\" content=\"Est. reading time\" \/>\n\t<meta name=\"twitter:data2\" content=\"3 minutes\" \/>\n<script type=\"application\/ld+json\" class=\"yoast-schema-graph\">{\"@context\":\"https:\/\/schema.org\",\"@graph\":[{\"@type\":\"Article\",\"@id\":\"https:\/\/computaex.es\/conferencias\/computaex-presenta-sus-iniciativas-en-inteligencia-artificial-y-tecnologias-cuanticas-en-la-ii-international-quantum-business-conference\/#article\",\"isPartOf\":{\"@id\":\"https:\/\/computaex.es\/conferencias\/computaex-presenta-sus-iniciativas-en-inteligencia-artificial-y-tecnologias-cuanticas-en-la-ii-international-quantum-business-conference\/\"},\"author\":{\"name\":\"COMPUTAEX\",\"@id\":\"https:\/\/computaex.es\/#\/schema\/person\/56c40e6e76e66bddcd36a39cb6d96e54\"},\"headline\":\"COMPUTAEX presenta sus iniciativas en Inteligencia Artificial y tecnolog\u00edas cu\u00e1nticas en la II International Quantum Business Conference\",\"datePublished\":\"2025-12-18T12:44:16+00:00\",\"dateModified\":\"2026-03-24T08:25:10+00:00\",\"mainEntityOfPage\":{\"@id\":\"https:\/\/computaex.es\/conferencias\/computaex-presenta-sus-iniciativas-en-inteligencia-artificial-y-tecnologias-cuanticas-en-la-ii-international-quantum-business-conference\/\"},\"wordCount\":417,\"publisher\":{\"@id\":\"https:\/\/computaex.es\/#organization\"},\"image\":{\"@id\":\"https:\/\/computaex.es\/conferencias\/computaex-presenta-sus-iniciativas-en-inteligencia-artificial-y-tecnologias-cuanticas-en-la-ii-international-quantum-business-conference\/#primaryimage\"},\"thumbnailUrl\":\"https:\/\/computaex.es\/wp-content\/uploads\/2025\/12\/20251218_II_Interntaional_Quantum_Business_Conference_IQB25_1.jpeg\",\"articleSection\":[\"Conferencias\"],\"inLanguage\":\"en-US\"},{\"@type\":\"WebPage\",\"@id\":\"https:\/\/computaex.es\/conferencias\/computaex-presenta-sus-iniciativas-en-inteligencia-artificial-y-tecnologias-cuanticas-en-la-ii-international-quantum-business-conference\/\",\"url\":\"https:\/\/computaex.es\/conferencias\/computaex-presenta-sus-iniciativas-en-inteligencia-artificial-y-tecnologias-cuanticas-en-la-ii-international-quantum-business-conference\/\",\"name\":\"COMPUTAEX presenta sus iniciativas en Inteligencia Artificial y tecnolog\u00edas cu\u00e1nticas en la II International Quantum Business Conference - Fundaci\u00f3n COMPUTAEX\",\"isPartOf\":{\"@id\":\"https:\/\/computaex.es\/#website\"},\"primaryImageOfPage\":{\"@id\":\"https:\/\/computaex.es\/conferencias\/computaex-presenta-sus-iniciativas-en-inteligencia-artificial-y-tecnologias-cuanticas-en-la-ii-international-quantum-business-conference\/#primaryimage\"},\"image\":{\"@id\":\"https:\/\/computaex.es\/conferencias\/computaex-presenta-sus-iniciativas-en-inteligencia-artificial-y-tecnologias-cuanticas-en-la-ii-international-quantum-business-conference\/#primaryimage\"},\"thumbnailUrl\":\"https:\/\/computaex.es\/wp-content\/uploads\/2025\/12\/20251218_II_Interntaional_Quantum_Business_Conference_IQB25_1.jpeg\",\"datePublished\":\"2025-12-18T12:44:16+00:00\",\"dateModified\":\"2026-03-24T08:25:10+00:00\",\"breadcrumb\":{\"@id\":\"https:\/\/computaex.es\/conferencias\/computaex-presenta-sus-iniciativas-en-inteligencia-artificial-y-tecnologias-cuanticas-en-la-ii-international-quantum-business-conference\/#breadcrumb\"},\"inLanguage\":\"en-US\",\"potentialAction\":[{\"@type\":\"ReadAction\",\"target\":[\"https:\/\/computaex.es\/conferencias\/computaex-presenta-sus-iniciativas-en-inteligencia-artificial-y-tecnologias-cuanticas-en-la-ii-international-quantum-business-conference\/\"]}]},{\"@type\":\"ImageObject\",\"inLanguage\":\"en-US\",\"@id\":\"https:\/\/computaex.es\/conferencias\/computaex-presenta-sus-iniciativas-en-inteligencia-artificial-y-tecnologias-cuanticas-en-la-ii-international-quantum-business-conference\/#primaryimage\",\"url\":\"https:\/\/computaex.es\/wp-content\/uploads\/2025\/12\/20251218_II_Interntaional_Quantum_Business_Conference_IQB25_1.jpeg\",\"contentUrl\":\"https:\/\/computaex.es\/wp-content\/uploads\/2025\/12\/20251218_II_Interntaional_Quantum_Business_Conference_IQB25_1.jpeg\",\"width\":960,\"height\":1280},{\"@type\":\"BreadcrumbList\",\"@id\":\"https:\/\/computaex.es\/conferencias\/computaex-presenta-sus-iniciativas-en-inteligencia-artificial-y-tecnologias-cuanticas-en-la-ii-international-quantum-business-conference\/#breadcrumb\",\"itemListElement\":[{\"@type\":\"ListItem\",\"position\":1,\"name\":\"Portada\",\"item\":\"https:\/\/computaex.es\/\"},{\"@type\":\"ListItem\",\"position\":2,\"name\":\"COMPUTAEX presenta sus iniciativas en Inteligencia Artificial y tecnolog\u00edas cu\u00e1nticas en la II International Quantum Business Conference\"}]},{\"@type\":\"WebSite\",\"@id\":\"https:\/\/computaex.es\/#website\",\"url\":\"https:\/\/computaex.es\/\",\"name\":\"Fundaci\u00f3n COMPUTAEX\",\"description\":\"COMPUTAEX\",\"publisher\":{\"@id\":\"https:\/\/computaex.es\/#organization\"},\"potentialAction\":[{\"@type\":\"SearchAction\",\"target\":{\"@type\":\"EntryPoint\",\"urlTemplate\":\"https:\/\/computaex.es\/?s={search_term_string}\"},\"query-input\":{\"@type\":\"PropertyValueSpecification\",\"valueRequired\":true,\"valueName\":\"search_term_string\"}}],\"inLanguage\":\"en-US\"},{\"@type\":\"Organization\",\"@id\":\"https:\/\/computaex.es\/#organization\",\"name\":\"COMPUTAEX\",\"url\":\"https:\/\/computaex.es\/\",\"logo\":{\"@type\":\"ImageObject\",\"inLanguage\":\"en-US\",\"@id\":\"https:\/\/computaex.es\/#\/schema\/logo\/image\/\",\"url\":\"https:\/\/computaex.es\/wp-content\/uploads\/2025\/05\/cropped-COMPUTAEX_transparente-scaled-1.png\",\"contentUrl\":\"https:\/\/computaex.es\/wp-content\/uploads\/2025\/05\/cropped-COMPUTAEX_transparente-scaled-1.png\",\"width\":2560,\"height\":970,\"caption\":\"COMPUTAEX\"},\"image\":{\"@id\":\"https:\/\/computaex.es\/#\/schema\/logo\/image\/\"},\"sameAs\":[\"https:\/\/m.facebook.com\/computaex\/\",\"https:\/\/x.com\/computaex\",\"https:\/\/es.linkedin.com\/company\/cenits\"]},{\"@type\":\"Person\",\"@id\":\"https:\/\/computaex.es\/#\/schema\/person\/56c40e6e76e66bddcd36a39cb6d96e54\",\"name\":\"COMPUTAEX\",\"image\":{\"@type\":\"ImageObject\",\"inLanguage\":\"en-US\",\"@id\":\"https:\/\/computaex.es\/#\/schema\/person\/image\/\",\"url\":\"https:\/\/secure.gravatar.com\/avatar\/4326f71d26728864745e3897d70bc6d2436e3971500de06e3156d3482a35fc34?s=96&d=mm&r=g\",\"contentUrl\":\"https:\/\/secure.gravatar.com\/avatar\/4326f71d26728864745e3897d70bc6d2436e3971500de06e3156d3482a35fc34?s=96&d=mm&r=g\",\"caption\":\"COMPUTAEX\"},\"sameAs\":[\"http:\/\/10.128.3.28\"],\"url\":\"https:\/\/computaex.es\/en\/author\/admincenits\/\"}]}<\/script>\n<!-- \/ Yoast SEO plugin. -->","yoast_head_json":{"title":"COMPUTAEX presenta sus iniciativas en Inteligencia Artificial y tecnolog\u00edas cu\u00e1nticas en la II International Quantum Business Conference - Fundaci\u00f3n COMPUTAEX","robots":{"index":"index","follow":"follow","max-snippet":"max-snippet:-1","max-image-preview":"max-image-preview:large","max-video-preview":"max-video-preview:-1"},"canonical":"https:\/\/computaex.es\/en\/conferencias\/computaex-presenta-sus-iniciativas-en-inteligencia-artificial-y-tecnologias-cuanticas-en-la-ii-international-quantum-business-conference\/","og_locale":"en_US","og_type":"article","og_title":"COMPUTAEX presenta sus iniciativas en Inteligencia Artificial y tecnolog\u00edas cu\u00e1nticas en la II International Quantum Business Conference - Fundaci\u00f3n COMPUTAEX","og_description":"Los d\u00edas 17 y 18 de diciembre de 2025 se ha celebrado en Santiago de Compostela la segunda edici\u00f3n de la International Quantum Business Conference (IQBC), organizada por Fsas Technologies ...","og_url":"https:\/\/computaex.es\/en\/conferencias\/computaex-presenta-sus-iniciativas-en-inteligencia-artificial-y-tecnologias-cuanticas-en-la-ii-international-quantum-business-conference\/","og_site_name":"Fundaci\u00f3n COMPUTAEX","article_publisher":"https:\/\/m.facebook.com\/computaex\/","article_published_time":"2025-12-18T12:44:16+00:00","article_modified_time":"2026-03-24T08:25:10+00:00","og_image":[{"width":960,"height":1280,"url":"https:\/\/computaex.es\/wp-content\/uploads\/2025\/12\/20251218_II_Interntaional_Quantum_Business_Conference_IQB25_1.jpeg","type":"image\/jpeg"}],"author":"COMPUTAEX","twitter_card":"summary_large_image","twitter_creator":"@computaex","twitter_site":"@computaex","twitter_misc":{"Written by":"COMPUTAEX","Est. reading time":"3 minutes"},"schema":{"@context":"https:\/\/schema.org","@graph":[{"@type":"Article","@id":"https:\/\/computaex.es\/conferencias\/computaex-presenta-sus-iniciativas-en-inteligencia-artificial-y-tecnologias-cuanticas-en-la-ii-international-quantum-business-conference\/#article","isPartOf":{"@id":"https:\/\/computaex.es\/conferencias\/computaex-presenta-sus-iniciativas-en-inteligencia-artificial-y-tecnologias-cuanticas-en-la-ii-international-quantum-business-conference\/"},"author":{"name":"COMPUTAEX","@id":"https:\/\/computaex.es\/#\/schema\/person\/56c40e6e76e66bddcd36a39cb6d96e54"},"headline":"COMPUTAEX presenta sus iniciativas en Inteligencia Artificial y tecnolog\u00edas cu\u00e1nticas en la II International Quantum Business Conference","datePublished":"2025-12-18T12:44:16+00:00","dateModified":"2026-03-24T08:25:10+00:00","mainEntityOfPage":{"@id":"https:\/\/computaex.es\/conferencias\/computaex-presenta-sus-iniciativas-en-inteligencia-artificial-y-tecnologias-cuanticas-en-la-ii-international-quantum-business-conference\/"},"wordCount":417,"publisher":{"@id":"https:\/\/computaex.es\/#organization"},"image":{"@id":"https:\/\/computaex.es\/conferencias\/computaex-presenta-sus-iniciativas-en-inteligencia-artificial-y-tecnologias-cuanticas-en-la-ii-international-quantum-business-conference\/#primaryimage"},"thumbnailUrl":"https:\/\/computaex.es\/wp-content\/uploads\/2025\/12\/20251218_II_Interntaional_Quantum_Business_Conference_IQB25_1.jpeg","articleSection":["Conferencias"],"inLanguage":"en-US"},{"@type":"WebPage","@id":"https:\/\/computaex.es\/conferencias\/computaex-presenta-sus-iniciativas-en-inteligencia-artificial-y-tecnologias-cuanticas-en-la-ii-international-quantum-business-conference\/","url":"https:\/\/computaex.es\/conferencias\/computaex-presenta-sus-iniciativas-en-inteligencia-artificial-y-tecnologias-cuanticas-en-la-ii-international-quantum-business-conference\/","name":"COMPUTAEX presenta sus iniciativas en Inteligencia Artificial y tecnolog\u00edas cu\u00e1nticas en la II International Quantum Business Conference - Fundaci\u00f3n COMPUTAEX","isPartOf":{"@id":"https:\/\/computaex.es\/#website"},"primaryImageOfPage":{"@id":"https:\/\/computaex.es\/conferencias\/computaex-presenta-sus-iniciativas-en-inteligencia-artificial-y-tecnologias-cuanticas-en-la-ii-international-quantum-business-conference\/#primaryimage"},"image":{"@id":"https:\/\/computaex.es\/conferencias\/computaex-presenta-sus-iniciativas-en-inteligencia-artificial-y-tecnologias-cuanticas-en-la-ii-international-quantum-business-conference\/#primaryimage"},"thumbnailUrl":"https:\/\/computaex.es\/wp-content\/uploads\/2025\/12\/20251218_II_Interntaional_Quantum_Business_Conference_IQB25_1.jpeg","datePublished":"2025-12-18T12:44:16+00:00","dateModified":"2026-03-24T08:25:10+00:00","breadcrumb":{"@id":"https:\/\/computaex.es\/conferencias\/computaex-presenta-sus-iniciativas-en-inteligencia-artificial-y-tecnologias-cuanticas-en-la-ii-international-quantum-business-conference\/#breadcrumb"},"inLanguage":"en-US","potentialAction":[{"@type":"ReadAction","target":["https:\/\/computaex.es\/conferencias\/computaex-presenta-sus-iniciativas-en-inteligencia-artificial-y-tecnologias-cuanticas-en-la-ii-international-quantum-business-conference\/"]}]},{"@type":"ImageObject","inLanguage":"en-US","@id":"https:\/\/computaex.es\/conferencias\/computaex-presenta-sus-iniciativas-en-inteligencia-artificial-y-tecnologias-cuanticas-en-la-ii-international-quantum-business-conference\/#primaryimage","url":"https:\/\/computaex.es\/wp-content\/uploads\/2025\/12\/20251218_II_Interntaional_Quantum_Business_Conference_IQB25_1.jpeg","contentUrl":"https:\/\/computaex.es\/wp-content\/uploads\/2025\/12\/20251218_II_Interntaional_Quantum_Business_Conference_IQB25_1.jpeg","width":960,"height":1280},{"@type":"BreadcrumbList","@id":"https:\/\/computaex.es\/conferencias\/computaex-presenta-sus-iniciativas-en-inteligencia-artificial-y-tecnologias-cuanticas-en-la-ii-international-quantum-business-conference\/#breadcrumb","itemListElement":[{"@type":"ListItem","position":1,"name":"Portada","item":"https:\/\/computaex.es\/"},{"@type":"ListItem","position":2,"name":"COMPUTAEX presenta sus iniciativas en Inteligencia Artificial y tecnolog\u00edas cu\u00e1nticas en la II International Quantum Business Conference"}]},{"@type":"WebSite","@id":"https:\/\/computaex.es\/#website","url":"https:\/\/computaex.es\/","name":"COMPUTAEX Foundation","description":"COMPUTAEX","publisher":{"@id":"https:\/\/computaex.es\/#organization"},"potentialAction":[{"@type":"SearchAction","target":{"@type":"EntryPoint","urlTemplate":"https:\/\/computaex.es\/?s={search_term_string}"},"query-input":{"@type":"PropertyValueSpecification","valueRequired":true,"valueName":"search_term_string"}}],"inLanguage":"en-US"},{"@type":"Organization","@id":"https:\/\/computaex.es\/#organization","name":"COMPUTAEX","url":"https:\/\/computaex.es\/","logo":{"@type":"ImageObject","inLanguage":"en-US","@id":"https:\/\/computaex.es\/#\/schema\/logo\/image\/","url":"https:\/\/computaex.es\/wp-content\/uploads\/2025\/05\/cropped-COMPUTAEX_transparente-scaled-1.png","contentUrl":"https:\/\/computaex.es\/wp-content\/uploads\/2025\/05\/cropped-COMPUTAEX_transparente-scaled-1.png","width":2560,"height":970,"caption":"COMPUTAEX"},"image":{"@id":"https:\/\/computaex.es\/#\/schema\/logo\/image\/"},"sameAs":["https:\/\/m.facebook.com\/computaex\/","https:\/\/x.com\/computaex","https:\/\/es.linkedin.com\/company\/cenits"]},{"@type":"Person","@id":"https:\/\/computaex.es\/#\/schema\/person\/56c40e6e76e66bddcd36a39cb6d96e54","name":"COMPUTAEX","image":{"@type":"ImageObject","inLanguage":"en-US","@id":"https:\/\/computaex.es\/#\/schema\/person\/image\/","url":"https:\/\/secure.gravatar.com\/avatar\/4326f71d26728864745e3897d70bc6d2436e3971500de06e3156d3482a35fc34?s=96&d=mm&r=g","contentUrl":"https:\/\/secure.gravatar.com\/avatar\/4326f71d26728864745e3897d70bc6d2436e3971500de06e3156d3482a35fc34?s=96&d=mm&r=g","caption":"COMPUTAEX"},"sameAs":["http:\/\/10.128.3.28"],"url":"https:\/\/computaex.es\/en\/author\/admincenits\/"}]}},"_links":{"self":[{"href":"https:\/\/computaex.es\/en\/wp-json\/wp\/v2\/posts\/10848","targetHints":{"allow":["GET"]}}],"collection":[{"href":"https:\/\/computaex.es\/en\/wp-json\/wp\/v2\/posts"}],"about":[{"href":"https:\/\/computaex.es\/en\/wp-json\/wp\/v2\/types\/post"}],"author":[{"embeddable":true,"href":"https:\/\/computaex.es\/en\/wp-json\/wp\/v2\/users\/1"}],"replies":[{"embeddable":true,"href":"https:\/\/computaex.es\/en\/wp-json\/wp\/v2\/comments?post=10848"}],"version-history":[{"count":13,"href":"https:\/\/computaex.es\/en\/wp-json\/wp\/v2\/posts\/10848\/revisions"}],"predecessor-version":[{"id":11206,"href":"https:\/\/computaex.es\/en\/wp-json\/wp\/v2\/posts\/10848\/revisions\/11206"}],"wp:featuredmedia":[{"embeddable":true,"href":"https:\/\/computaex.es\/en\/wp-json\/wp\/v2\/media\/10849"}],"wp:attachment":[{"href":"https:\/\/computaex.es\/en\/wp-json\/wp\/v2\/media?parent=10848"}],"wp:term":[{"taxonomy":"category","embeddable":true,"href":"https:\/\/computaex.es\/en\/wp-json\/wp\/v2\/categories?post=10848"},{"taxonomy":"post_tag","embeddable":true,"href":"https:\/\/computaex.es\/en\/wp-json\/wp\/v2\/tags?post=10848"}],"curies":[{"name":"wp","href":"https:\/\/api.w.org\/{rel}","templated":true}]}}