{"id":11158,"date":"2026-03-12T14:04:55","date_gmt":"2026-03-12T13:04:55","guid":{"rendered":"https:\/\/computaex.es\/?p=11158"},"modified":"2026-03-19T12:55:21","modified_gmt":"2026-03-19T11:55:21","slug":"jornada-espacio-de-datos-agroalimentario-merida","status":"publish","type":"post","link":"https:\/\/computaex.es\/en\/jornadas\/jornada-espacio-de-datos-agroalimentario-merida\/","title":{"rendered":"COMPUTAEX organiza en M\u00e9rida, junto a CICYTEX y la UEX, las jornadas \u00abEspacio de datos agroalimentario en Extremadura: Innovaci\u00f3n y oportunidades para el sector\u00bb"},"content":{"rendered":"<p style=\"text-align: justify;\">El pr\u00f3ximo <b style=\"font-size: 0.875rem; text-align: justify;\" data-path-to-node=\"3\" data-index-in-node=\"11\">23 de marzo<\/b>, el Centro Universitario de M\u00e9rida se convertir\u00e1 en el epicentro de la innovaci\u00f3n tecnol\u00f3gica aplicada al campo. <b style=\"font-size: 0.875rem; text-align: justify;\" data-path-to-node=\"3\" data-index-in-node=\"136\">COMPUTAEX<\/b>, junto con <span style=\"font-size: 13.125px;\"><b>CICYTEX <\/b><\/span>y la <b style=\"font-size: 0.875rem; text-align: justify;\" data-path-to-node=\"3\" data-index-in-node=\"180\">Universidad de Extremadura<\/b>, organiza la jornada: <i style=\"font-size: 0.875rem; text-align: justify;\" data-path-to-node=\"3\" data-index-in-node=\"231\">\u00abEspacio de datos agroalimentario en Extremadura: Innovaci\u00f3n y oportunidades para el sector\u00bb<\/i>.<\/p>\n<p style=\"text-align: justify;\" data-path-to-node=\"4\">El evento, que dar\u00e1 comienzo a las <b data-path-to-node=\"4\" data-index-in-node=\"35\">11:30<\/b>, tiene como objetivo principal explorar c\u00f3mo el uso inteligente de los datos puede transformar la competitividad y sostenibilidad de las explotaciones extreme\u00f1as. En un contexto global cada vez m\u00e1s digitalizado, esta iniciativa busca dotar a los profesionales del sector de las herramientas necesarias para liderar la agricultura del futuro. Las dos primeras ponencias, estar\u00e1n enfocadas a la difusi\u00f3n del <strong>Proyecto RETECH PAN,<\/strong> la siguiente estar\u00e1 enfocada a la difusi\u00f3n del <strong>Proyecto Agritech<\/strong> y la \u00faltima a la difusi\u00f3n de actividades enmarcadas en el <strong>P<\/strong><strong>royecto TID4AGRO<\/strong>.<\/p>\n<h3 data-path-to-node=\"5\">Programaci\u00f3n de la jornada<\/h3>\n<p data-path-to-node=\"6\">La sesi\u00f3n contar\u00e1 con las siguientes ponencias:<\/p>\n<table style=\"border-collapse: collapse; width: 100%; height: 72px;\">\n<tbody>\n<tr>\n<td style=\"width: 19.2115%; background-color: #16476f; border-color: #ffffff; text-align: center;\"><strong><span style=\"color: #ffffff;\">11:30 &#8211; 11:40<\/span><\/strong><\/td>\n<td style=\"width: 80.7885%; border-color: #ffffff; background-color: #f2f2f2; text-align: center;\">\n<p class=\"cvGsUA direction-ltr align-center para-style-body\"><strong><span class=\"a_GcMg font-feature-liga-off font-feature-clig-off font-feature-calt-off text-decoration-none text-strikethrough-none\">Bienvenida e inauguraci\u00f3n<\/span><\/strong><\/p>\n<p><strong>Jes\u00fas Coslado Santib\u00e1\u00f1ez (Director General de Digitalizaci\u00f3n Regional de la Junta de Extremadura)<\/strong><\/td>\n<\/tr>\n<tr style=\"height: 18px;\">\n<td style=\"width: 19.2115%; background-color: #16476f; border-color: #ffffff; text-align: center; height: 18px;\"><strong><span style=\"color: #ffffff;\">11:40 &#8211; 12:00<\/span><\/strong><\/td>\n<td style=\"width: 80.7885%; border-color: #ffffff; text-align: center; height: 18px;\">\n<p class=\"cvGsUA direction-ltr align-center para-style-body\"><strong><span class=\"a_GcMg font-feature-liga-off font-feature-clig-off font-feature-calt-off text-decoration-none text-strikethrough-none\">Espacios de datos: oportunidad de innovaci\u00f3n para las empresas agroalimentarias<\/span><\/strong><\/p>\n<p class=\"cvGsUA direction-ltr align-center para-style-body\"><strong><span class=\"a_GcMg font-feature-liga-off font-feature-clig-off font-feature-calt-off text-decoration-none text-strikethrough-none\">Pedro del Moral (COMPUTAEX)<\/span><\/strong><\/p>\n<\/td>\n<\/tr>\n<tr style=\"height: 18px;\">\n<td style=\"width: 19.2115%; background-color: #16476f; border-color: #ffffff; text-align: center; height: 18px;\"><strong><span style=\"color: #ffffff;\">12:00 &#8211; 12:30<\/span><\/strong><\/td>\n<td style=\"width: 80.7885%; border-color: #ffffff; background-color: #f2f2f2; height: 18px; text-align: center;\">\n<p class=\"cvGsUA direction-ltr align-center para-style-body\"><strong><span class=\"a_GcMg font-feature-liga-off font-feature-clig-off font-feature-calt-off text-decoration-none text-strikethrough-none\">Experiencias y casos de uso en espacios de datos agroalimentarios<\/span><\/strong><\/p>\n<p class=\"cvGsUA direction-ltr align-center para-style-body\"><strong><span class=\"a_GcMg font-feature-liga-off font-feature-clig-off font-feature-calt-off text-decoration-none text-strikethrough-none\">Jos\u00e9 Mar\u00eda Contreras-Cervantes y Jorge Carmona (COMPUTAEX)<\/span><\/strong><\/p>\n<\/td>\n<\/tr>\n<tr style=\"height: 18px;\">\n<td style=\"width: 19.2115%; background-color: #16476f; border-color: #ffffff; text-align: center; height: 18px;\"><strong><span style=\"color: #ffffff;\">12:30 &#8211; 13:00<\/span><\/strong><\/td>\n<td style=\"width: 80.7885%; border-color: #ffffff; height: 18px; text-align: center;\">\n<p class=\"cvGsUA direction-ltr align-center para-style-body\"><strong><span class=\"a_GcMg font-feature-liga-off font-feature-clig-off font-feature-calt-off text-decoration-none text-strikethrough-none\">Nuevas estrategias para acelerar la digitalizaci\u00f3n de las peque\u00f1as empresas agrarias del Sudoe.<\/span><\/strong><\/p>\n<p class=\"cvGsUA direction-ltr align-center para-style-body\"><strong><span class=\"a_GcMg font-feature-liga-off font-feature-clig-off font-feature-calt-off text-decoration-none text-strikethrough-none\">Marina Corchado (CICYTEX)<\/span><\/strong><\/p>\n<\/td>\n<\/tr>\n<tr style=\"height: 18px;\">\n<td style=\"width: 19.2115%; background-color: #16476f; border-color: #ffffff; text-align: center; height: 18px;\"><strong><span style=\"color: #ffffff;\">13:00 &#8211; 13:30<\/span><\/strong><\/td>\n<td style=\"width: 80.7885%; border-color: #ffffff; height: 18px; background-color: #f2f2f2; text-align: center;\">\n<p class=\"cvGsUA direction-ltr align-center para-style-body\"><strong><span class=\"a_GcMg font-feature-liga-off font-feature-clig-off font-feature-calt-off text-decoration-none text-strikethrough-none\">Plataforma de captura de datos y monitorizaci\u00f3n en tiempo real de datos del campo<\/span><\/strong><\/p>\n<p class=\"cvGsUA direction-ltr align-center para-style-body\"><strong><span class=\"a_GcMg font-feature-liga-off font-feature-clig-off font-feature-calt-off text-decoration-none text-strikethrough-none\">Pedro J. Clemente (Universidad de Extremadura)<\/span><\/strong><\/p>\n<\/td>\n<\/tr>\n<\/tbody>\n<\/table>\n<h3 data-path-to-node=\"8\">Inscripciones y asistencia<\/h3>\n<ul data-path-to-node=\"10\">\n<li>\n<p data-path-to-node=\"10,0,0\"><b data-path-to-node=\"10,0,0\" data-index-in-node=\"0\">Fecha:<\/b> 23 de marzo.<\/p>\n<\/li>\n<li>\n<p data-path-to-node=\"10,1,0\"><b data-path-to-node=\"10,1,0\" data-index-in-node=\"0\">Hora:<\/b> 11:30.<\/p>\n<\/li>\n<li>\n<p data-path-to-node=\"10,2,0\"><b data-path-to-node=\"10,2,0\" data-index-in-node=\"0\">Lugar:<\/b> Centro Universitario de M\u00e9rida.<\/p>\n<\/li>\n<\/ul>\n<p data-path-to-node=\"11\">Para asegurar tu plaza, puedes realizar la inscripci\u00f3n a trav\u00e9s del siguiente formulario:<\/p>\n<div style=\"text-align: center; width: 100%;\"><iframe style=\"max-width: 800px; border: none;\" src=\"https:\/\/docs.google.com\/forms\/d\/e\/1FAIpQLSczdF-Y1-e3GylADu-YGaqNAsT312dbFApxGID_MukLmD2f0w\/viewform?embedded=true\" width=\"100%\" height=\"853\" frameborder=\"0\" marginwidth=\"0\" marginheight=\"0\"><br \/>\nCargando\u2026<br \/>\n<\/iframe><\/div>","protected":false},"excerpt":{"rendered":"<p>El pr\u00f3ximo 23 de marzo, el Centro Universitario de M\u00e9rida se convertir\u00e1 en el epicentro de la innovaci\u00f3n tecnol\u00f3gica aplicada al campo. COMPUTAEX, junto con CICYTEX y la Universidad de &#8230;<\/p>","protected":false},"author":1,"featured_media":11183,"comment_status":"closed","ping_status":"open","sticky":false,"template":"","format":"standard","meta":{"footnotes":""},"categories":[93],"tags":[],"class_list":["post-11158","post","type-post","status-publish","format-standard","has-post-thumbnail","hentry","category-jornadas"],"yoast_head":"<!-- This site is optimized with the Yoast SEO plugin v27.1.1 - https:\/\/yoast.com\/product\/yoast-seo-wordpress\/ -->\n<title>COMPUTAEX organiza en M\u00e9rida, junto a CICYTEX y la UEX, las jornadas &quot;Espacio de datos agroalimentario en Extremadura: Innovaci\u00f3n y oportunidades para el sector&quot; - Fundaci\u00f3n COMPUTAEX<\/title>\n<meta name=\"robots\" content=\"index, follow, max-snippet:-1, max-image-preview:large, max-video-preview:-1\" \/>\n<link rel=\"canonical\" href=\"https:\/\/computaex.es\/en\/jornadas\/jornada-espacio-de-datos-agroalimentario-merida\/\" \/>\n<meta property=\"og:locale\" content=\"en_US\" \/>\n<meta property=\"og:type\" content=\"article\" \/>\n<meta property=\"og:title\" content=\"COMPUTAEX organiza en M\u00e9rida, junto a CICYTEX y la UEX, las jornadas &quot;Espacio de datos agroalimentario en Extremadura: Innovaci\u00f3n y oportunidades para el sector&quot; - Fundaci\u00f3n COMPUTAEX\" \/>\n<meta property=\"og:description\" content=\"El pr\u00f3ximo 23 de marzo, el Centro Universitario de M\u00e9rida se convertir\u00e1 en el epicentro de la innovaci\u00f3n tecnol\u00f3gica aplicada al campo. COMPUTAEX, junto con CICYTEX y la Universidad de ...\" \/>\n<meta property=\"og:url\" content=\"https:\/\/computaex.es\/en\/jornadas\/jornada-espacio-de-datos-agroalimentario-merida\/\" \/>\n<meta property=\"og:site_name\" content=\"Fundaci\u00f3n COMPUTAEX\" \/>\n<meta property=\"article:publisher\" content=\"https:\/\/m.facebook.com\/computaex\/\" \/>\n<meta property=\"article:published_time\" content=\"2026-03-12T13:04:55+00:00\" \/>\n<meta property=\"article:modified_time\" content=\"2026-03-19T11:55:21+00:00\" \/>\n<meta property=\"og:image\" content=\"https:\/\/computaex.es\/wp-content\/uploads\/2026\/03\/JornadasMeridaPAN-1024x576.png\" \/>\n\t<meta property=\"og:image:width\" content=\"1024\" \/>\n\t<meta property=\"og:image:height\" content=\"576\" \/>\n\t<meta property=\"og:image:type\" content=\"image\/png\" \/>\n<meta name=\"author\" content=\"COMPUTAEX\" \/>\n<meta name=\"twitter:card\" content=\"summary_large_image\" \/>\n<meta name=\"twitter:creator\" content=\"@computaex\" \/>\n<meta name=\"twitter:site\" content=\"@computaex\" \/>\n<meta name=\"twitter:label1\" content=\"Written by\" \/>\n\t<meta name=\"twitter:data1\" content=\"COMPUTAEX\" \/>\n\t<meta name=\"twitter:label2\" content=\"Est. reading time\" \/>\n\t<meta name=\"twitter:data2\" content=\"2 minutes\" \/>\n<script type=\"application\/ld+json\" class=\"yoast-schema-graph\">{\"@context\":\"https:\/\/schema.org\",\"@graph\":[{\"@type\":\"Article\",\"@id\":\"https:\/\/computaex.es\/jornadas\/jornada-espacio-de-datos-agroalimentario-merida\/#article\",\"isPartOf\":{\"@id\":\"https:\/\/computaex.es\/jornadas\/jornada-espacio-de-datos-agroalimentario-merida\/\"},\"author\":{\"name\":\"COMPUTAEX\",\"@id\":\"https:\/\/computaex.es\/#\/schema\/person\/56c40e6e76e66bddcd36a39cb6d96e54\"},\"headline\":\"COMPUTAEX organiza en M\u00e9rida, junto a CICYTEX y la UEX, las jornadas \u00abEspacio de datos agroalimentario en Extremadura: Innovaci\u00f3n y oportunidades para el sector\u00bb\",\"datePublished\":\"2026-03-12T13:04:55+00:00\",\"dateModified\":\"2026-03-19T11:55:21+00:00\",\"mainEntityOfPage\":{\"@id\":\"https:\/\/computaex.es\/jornadas\/jornada-espacio-de-datos-agroalimentario-merida\/\"},\"wordCount\":316,\"publisher\":{\"@id\":\"https:\/\/computaex.es\/#organization\"},\"image\":{\"@id\":\"https:\/\/computaex.es\/jornadas\/jornada-espacio-de-datos-agroalimentario-merida\/#primaryimage\"},\"thumbnailUrl\":\"https:\/\/computaex.es\/wp-content\/uploads\/2026\/03\/JornadasMeridaPAN.png\",\"articleSection\":[\"Jornadas\"],\"inLanguage\":\"en-US\"},{\"@type\":\"WebPage\",\"@id\":\"https:\/\/computaex.es\/jornadas\/jornada-espacio-de-datos-agroalimentario-merida\/\",\"url\":\"https:\/\/computaex.es\/jornadas\/jornada-espacio-de-datos-agroalimentario-merida\/\",\"name\":\"COMPUTAEX organiza en M\u00e9rida, junto a CICYTEX y la UEX, las jornadas \\\"Espacio de datos agroalimentario en Extremadura: Innovaci\u00f3n y oportunidades para el sector\\\" - Fundaci\u00f3n COMPUTAEX\",\"isPartOf\":{\"@id\":\"https:\/\/computaex.es\/#website\"},\"primaryImageOfPage\":{\"@id\":\"https:\/\/computaex.es\/jornadas\/jornada-espacio-de-datos-agroalimentario-merida\/#primaryimage\"},\"image\":{\"@id\":\"https:\/\/computaex.es\/jornadas\/jornada-espacio-de-datos-agroalimentario-merida\/#primaryimage\"},\"thumbnailUrl\":\"https:\/\/computaex.es\/wp-content\/uploads\/2026\/03\/JornadasMeridaPAN.png\",\"datePublished\":\"2026-03-12T13:04:55+00:00\",\"dateModified\":\"2026-03-19T11:55:21+00:00\",\"breadcrumb\":{\"@id\":\"https:\/\/computaex.es\/jornadas\/jornada-espacio-de-datos-agroalimentario-merida\/#breadcrumb\"},\"inLanguage\":\"en-US\",\"potentialAction\":[{\"@type\":\"ReadAction\",\"target\":[\"https:\/\/computaex.es\/jornadas\/jornada-espacio-de-datos-agroalimentario-merida\/\"]}]},{\"@type\":\"ImageObject\",\"inLanguage\":\"en-US\",\"@id\":\"https:\/\/computaex.es\/jornadas\/jornada-espacio-de-datos-agroalimentario-merida\/#primaryimage\",\"url\":\"https:\/\/computaex.es\/wp-content\/uploads\/2026\/03\/JornadasMeridaPAN.png\",\"contentUrl\":\"https:\/\/computaex.es\/wp-content\/uploads\/2026\/03\/JornadasMeridaPAN.png\",\"width\":1920,\"height\":1080},{\"@type\":\"BreadcrumbList\",\"@id\":\"https:\/\/computaex.es\/jornadas\/jornada-espacio-de-datos-agroalimentario-merida\/#breadcrumb\",\"itemListElement\":[{\"@type\":\"ListItem\",\"position\":1,\"name\":\"Portada\",\"item\":\"https:\/\/computaex.es\/\"},{\"@type\":\"ListItem\",\"position\":2,\"name\":\"COMPUTAEX organiza en M\u00e9rida, junto a CICYTEX y la UEX, las jornadas \u00abEspacio de datos agroalimentario en Extremadura: Innovaci\u00f3n y oportunidades para el sector\u00bb\"}]},{\"@type\":\"WebSite\",\"@id\":\"https:\/\/computaex.es\/#website\",\"url\":\"https:\/\/computaex.es\/\",\"name\":\"Fundaci\u00f3n COMPUTAEX\",\"description\":\"COMPUTAEX\",\"publisher\":{\"@id\":\"https:\/\/computaex.es\/#organization\"},\"potentialAction\":[{\"@type\":\"SearchAction\",\"target\":{\"@type\":\"EntryPoint\",\"urlTemplate\":\"https:\/\/computaex.es\/?s={search_term_string}\"},\"query-input\":{\"@type\":\"PropertyValueSpecification\",\"valueRequired\":true,\"valueName\":\"search_term_string\"}}],\"inLanguage\":\"en-US\"},{\"@type\":\"Organization\",\"@id\":\"https:\/\/computaex.es\/#organization\",\"name\":\"COMPUTAEX\",\"url\":\"https:\/\/computaex.es\/\",\"logo\":{\"@type\":\"ImageObject\",\"inLanguage\":\"en-US\",\"@id\":\"https:\/\/computaex.es\/#\/schema\/logo\/image\/\",\"url\":\"https:\/\/computaex.es\/wp-content\/uploads\/2025\/05\/cropped-COMPUTAEX_transparente-scaled-1.png\",\"contentUrl\":\"https:\/\/computaex.es\/wp-content\/uploads\/2025\/05\/cropped-COMPUTAEX_transparente-scaled-1.png\",\"width\":2560,\"height\":970,\"caption\":\"COMPUTAEX\"},\"image\":{\"@id\":\"https:\/\/computaex.es\/#\/schema\/logo\/image\/\"},\"sameAs\":[\"https:\/\/m.facebook.com\/computaex\/\",\"https:\/\/x.com\/computaex\",\"https:\/\/es.linkedin.com\/company\/cenits\"]},{\"@type\":\"Person\",\"@id\":\"https:\/\/computaex.es\/#\/schema\/person\/56c40e6e76e66bddcd36a39cb6d96e54\",\"name\":\"COMPUTAEX\",\"image\":{\"@type\":\"ImageObject\",\"inLanguage\":\"en-US\",\"@id\":\"https:\/\/computaex.es\/#\/schema\/person\/image\/\",\"url\":\"https:\/\/secure.gravatar.com\/avatar\/4326f71d26728864745e3897d70bc6d2436e3971500de06e3156d3482a35fc34?s=96&d=mm&r=g\",\"contentUrl\":\"https:\/\/secure.gravatar.com\/avatar\/4326f71d26728864745e3897d70bc6d2436e3971500de06e3156d3482a35fc34?s=96&d=mm&r=g\",\"caption\":\"COMPUTAEX\"},\"sameAs\":[\"http:\/\/10.128.3.28\"],\"url\":\"https:\/\/computaex.es\/en\/author\/admincenits\/\"}]}<\/script>\n<!-- \/ Yoast SEO plugin. -->","yoast_head_json":{"title":"COMPUTAEX organiza en M\u00e9rida, junto a CICYTEX y la UEX, las jornadas \"Espacio de datos agroalimentario en Extremadura: Innovaci\u00f3n y oportunidades para el sector\" - Fundaci\u00f3n COMPUTAEX","robots":{"index":"index","follow":"follow","max-snippet":"max-snippet:-1","max-image-preview":"max-image-preview:large","max-video-preview":"max-video-preview:-1"},"canonical":"https:\/\/computaex.es\/en\/jornadas\/jornada-espacio-de-datos-agroalimentario-merida\/","og_locale":"en_US","og_type":"article","og_title":"COMPUTAEX organiza en M\u00e9rida, junto a CICYTEX y la UEX, las jornadas \"Espacio de datos agroalimentario en Extremadura: Innovaci\u00f3n y oportunidades para el sector\" - Fundaci\u00f3n COMPUTAEX","og_description":"El pr\u00f3ximo 23 de marzo, el Centro Universitario de M\u00e9rida se convertir\u00e1 en el epicentro de la innovaci\u00f3n tecnol\u00f3gica aplicada al campo. COMPUTAEX, junto con CICYTEX y la Universidad de ...","og_url":"https:\/\/computaex.es\/en\/jornadas\/jornada-espacio-de-datos-agroalimentario-merida\/","og_site_name":"Fundaci\u00f3n COMPUTAEX","article_publisher":"https:\/\/m.facebook.com\/computaex\/","article_published_time":"2026-03-12T13:04:55+00:00","article_modified_time":"2026-03-19T11:55:21+00:00","og_image":[{"width":1024,"height":576,"url":"https:\/\/computaex.es\/wp-content\/uploads\/2026\/03\/JornadasMeridaPAN-1024x576.png","type":"image\/png"}],"author":"COMPUTAEX","twitter_card":"summary_large_image","twitter_creator":"@computaex","twitter_site":"@computaex","twitter_misc":{"Written by":"COMPUTAEX","Est. reading time":"2 minutes"},"schema":{"@context":"https:\/\/schema.org","@graph":[{"@type":"Article","@id":"https:\/\/computaex.es\/jornadas\/jornada-espacio-de-datos-agroalimentario-merida\/#article","isPartOf":{"@id":"https:\/\/computaex.es\/jornadas\/jornada-espacio-de-datos-agroalimentario-merida\/"},"author":{"name":"COMPUTAEX","@id":"https:\/\/computaex.es\/#\/schema\/person\/56c40e6e76e66bddcd36a39cb6d96e54"},"headline":"COMPUTAEX organiza en M\u00e9rida, junto a CICYTEX y la UEX, las jornadas \u00abEspacio de datos agroalimentario en Extremadura: Innovaci\u00f3n y oportunidades para el sector\u00bb","datePublished":"2026-03-12T13:04:55+00:00","dateModified":"2026-03-19T11:55:21+00:00","mainEntityOfPage":{"@id":"https:\/\/computaex.es\/jornadas\/jornada-espacio-de-datos-agroalimentario-merida\/"},"wordCount":316,"publisher":{"@id":"https:\/\/computaex.es\/#organization"},"image":{"@id":"https:\/\/computaex.es\/jornadas\/jornada-espacio-de-datos-agroalimentario-merida\/#primaryimage"},"thumbnailUrl":"https:\/\/computaex.es\/wp-content\/uploads\/2026\/03\/JornadasMeridaPAN.png","articleSection":["Jornadas"],"inLanguage":"en-US"},{"@type":"WebPage","@id":"https:\/\/computaex.es\/jornadas\/jornada-espacio-de-datos-agroalimentario-merida\/","url":"https:\/\/computaex.es\/jornadas\/jornada-espacio-de-datos-agroalimentario-merida\/","name":"COMPUTAEX organiza en M\u00e9rida, junto a CICYTEX y la UEX, las jornadas \"Espacio de datos agroalimentario en Extremadura: Innovaci\u00f3n y oportunidades para el sector\" - Fundaci\u00f3n COMPUTAEX","isPartOf":{"@id":"https:\/\/computaex.es\/#website"},"primaryImageOfPage":{"@id":"https:\/\/computaex.es\/jornadas\/jornada-espacio-de-datos-agroalimentario-merida\/#primaryimage"},"image":{"@id":"https:\/\/computaex.es\/jornadas\/jornada-espacio-de-datos-agroalimentario-merida\/#primaryimage"},"thumbnailUrl":"https:\/\/computaex.es\/wp-content\/uploads\/2026\/03\/JornadasMeridaPAN.png","datePublished":"2026-03-12T13:04:55+00:00","dateModified":"2026-03-19T11:55:21+00:00","breadcrumb":{"@id":"https:\/\/computaex.es\/jornadas\/jornada-espacio-de-datos-agroalimentario-merida\/#breadcrumb"},"inLanguage":"en-US","potentialAction":[{"@type":"ReadAction","target":["https:\/\/computaex.es\/jornadas\/jornada-espacio-de-datos-agroalimentario-merida\/"]}]},{"@type":"ImageObject","inLanguage":"en-US","@id":"https:\/\/computaex.es\/jornadas\/jornada-espacio-de-datos-agroalimentario-merida\/#primaryimage","url":"https:\/\/computaex.es\/wp-content\/uploads\/2026\/03\/JornadasMeridaPAN.png","contentUrl":"https:\/\/computaex.es\/wp-content\/uploads\/2026\/03\/JornadasMeridaPAN.png","width":1920,"height":1080},{"@type":"BreadcrumbList","@id":"https:\/\/computaex.es\/jornadas\/jornada-espacio-de-datos-agroalimentario-merida\/#breadcrumb","itemListElement":[{"@type":"ListItem","position":1,"name":"Portada","item":"https:\/\/computaex.es\/"},{"@type":"ListItem","position":2,"name":"COMPUTAEX organiza en M\u00e9rida, junto a CICYTEX y la UEX, las jornadas \u00abEspacio de datos agroalimentario en Extremadura: Innovaci\u00f3n y oportunidades para el sector\u00bb"}]},{"@type":"WebSite","@id":"https:\/\/computaex.es\/#website","url":"https:\/\/computaex.es\/","name":"COMPUTAEX Foundation","description":"COMPUTAEX","publisher":{"@id":"https:\/\/computaex.es\/#organization"},"potentialAction":[{"@type":"SearchAction","target":{"@type":"EntryPoint","urlTemplate":"https:\/\/computaex.es\/?s={search_term_string}"},"query-input":{"@type":"PropertyValueSpecification","valueRequired":true,"valueName":"search_term_string"}}],"inLanguage":"en-US"},{"@type":"Organization","@id":"https:\/\/computaex.es\/#organization","name":"COMPUTAEX","url":"https:\/\/computaex.es\/","logo":{"@type":"ImageObject","inLanguage":"en-US","@id":"https:\/\/computaex.es\/#\/schema\/logo\/image\/","url":"https:\/\/computaex.es\/wp-content\/uploads\/2025\/05\/cropped-COMPUTAEX_transparente-scaled-1.png","contentUrl":"https:\/\/computaex.es\/wp-content\/uploads\/2025\/05\/cropped-COMPUTAEX_transparente-scaled-1.png","width":2560,"height":970,"caption":"COMPUTAEX"},"image":{"@id":"https:\/\/computaex.es\/#\/schema\/logo\/image\/"},"sameAs":["https:\/\/m.facebook.com\/computaex\/","https:\/\/x.com\/computaex","https:\/\/es.linkedin.com\/company\/cenits"]},{"@type":"Person","@id":"https:\/\/computaex.es\/#\/schema\/person\/56c40e6e76e66bddcd36a39cb6d96e54","name":"COMPUTAEX","image":{"@type":"ImageObject","inLanguage":"en-US","@id":"https:\/\/computaex.es\/#\/schema\/person\/image\/","url":"https:\/\/secure.gravatar.com\/avatar\/4326f71d26728864745e3897d70bc6d2436e3971500de06e3156d3482a35fc34?s=96&d=mm&r=g","contentUrl":"https:\/\/secure.gravatar.com\/avatar\/4326f71d26728864745e3897d70bc6d2436e3971500de06e3156d3482a35fc34?s=96&d=mm&r=g","caption":"COMPUTAEX"},"sameAs":["http:\/\/10.128.3.28"],"url":"https:\/\/computaex.es\/en\/author\/admincenits\/"}]}},"_links":{"self":[{"href":"https:\/\/computaex.es\/en\/wp-json\/wp\/v2\/posts\/11158","targetHints":{"allow":["GET"]}}],"collection":[{"href":"https:\/\/computaex.es\/en\/wp-json\/wp\/v2\/posts"}],"about":[{"href":"https:\/\/computaex.es\/en\/wp-json\/wp\/v2\/types\/post"}],"author":[{"embeddable":true,"href":"https:\/\/computaex.es\/en\/wp-json\/wp\/v2\/users\/1"}],"replies":[{"embeddable":true,"href":"https:\/\/computaex.es\/en\/wp-json\/wp\/v2\/comments?post=11158"}],"version-history":[{"count":13,"href":"https:\/\/computaex.es\/en\/wp-json\/wp\/v2\/posts\/11158\/revisions"}],"predecessor-version":[{"id":11191,"href":"https:\/\/computaex.es\/en\/wp-json\/wp\/v2\/posts\/11158\/revisions\/11191"}],"wp:featuredmedia":[{"embeddable":true,"href":"https:\/\/computaex.es\/en\/wp-json\/wp\/v2\/media\/11183"}],"wp:attachment":[{"href":"https:\/\/computaex.es\/en\/wp-json\/wp\/v2\/media?parent=11158"}],"wp:term":[{"taxonomy":"category","embeddable":true,"href":"https:\/\/computaex.es\/en\/wp-json\/wp\/v2\/categories?post=11158"},{"taxonomy":"post_tag","embeddable":true,"href":"https:\/\/computaex.es\/en\/wp-json\/wp\/v2\/tags?post=11158"}],"curies":[{"name":"wp","href":"https:\/\/api.w.org\/{rel}","templated":true}]}}