{"id":11769,"date":"2026-04-29T12:38:00","date_gmt":"2026-04-29T10:38:00","guid":{"rendered":"https:\/\/computaex.es\/?p=11769"},"modified":"2026-04-29T12:43:09","modified_gmt":"2026-04-29T10:43:09","slug":"computaex-participa-en-la-conferencia-internacional-quantumatter2026-en-barcelona","status":"publish","type":"post","link":"https:\/\/computaex.es\/en\/conferencias\/computaex-participa-en-la-conferencia-internacional-quantumatter2026-en-barcelona\/","title":{"rendered":"COMPUTAEX participa en la conferencia internacional QUANTUMatter2026 en Barcelona"},"content":{"rendered":"<div data-elementor-type=\"wp-post\" data-elementor-id=\"11769\" class=\"elementor elementor-11769\">\n\t\t\t\t<div class=\"elementor-element elementor-element-3d1c7fe e-flex e-con-boxed wpr-particle-no wpr-jarallax-no wpr-parallax-no wpr-sticky-section-no e-con e-parent\" data-id=\"3d1c7fe\" data-element_type=\"container\" data-e-type=\"container\">\n\t\t\t\t\t<div class=\"e-con-inner\">\n\t\t\t\t<div class=\"elementor-element elementor-element-58604b3 elementor-widget elementor-widget-text-editor\" data-id=\"58604b3\" data-element_type=\"widget\" data-e-type=\"widget\" data-widget_type=\"text-editor.default\">\n\t\t\t\t<div class=\"elementor-widget-container\">\n\t\t\t\t\t\t\t\t\t<blockquote data-olk-copy-source=\"MessageBody\">\n<p>El Centro de Supercomputaci\u00f3n de Extremadura (COMPUTAEX), representado por su director general, el Dr. Juan Antonio Rico, junto a D\u00f1a. Ester Carranza, t\u00e9cnica de apoyo a la investigaci\u00f3n en el proyecto <a href=\"https:\/\/quantumspain-project.es\/\">Quantum Spain<\/a>, participa en la sexta edici\u00f3n de la Conferencia y Exposici\u00f3n Internacional sobre Materia Cu\u00e1ntica (<a title=\"https:\/\/www.quantumconf.eu\/2026\/\" href=\"https:\/\/www.quantumconf.eu\/2026\/\" target=\"_blank\" rel=\"noopener noreferrer\" data-auth=\"NotApplicable\" data-linkindex=\"2\">QUANTUMatter 2026<\/a>), que se celebra en Barcelona del 27 al 30 de abril.<\/p><p><br><\/p>\n<p>Este encuentro internacional tiene como objetivo reunir a las principales comunidades cient\u00edficas, tecnol\u00f3gicas e industriales vinculadas a la ciencia y las tecnolog\u00edas cu\u00e1nticas, con el fin de fomentar la colaboraci\u00f3n, el intercambio de conocimiento y la generaci\u00f3n de nuevas iniciativas estrat\u00e9gicas. Durante estos d\u00edas, se est\u00e1n abordando avances en \u00e1reas como la simulaci\u00f3n cu\u00e1ntica, los protocolos de comunicaci\u00f3n cu\u00e1ntica y el desarrollo de materiales cu\u00e1nticos emergentes. El programa incluye sesiones plenarias, talleres especializados, sesiones paralelas con estudiantes de doctorado y un foro orientado a la industria, centrado en oportunidades de transferencia tecnol\u00f3gica y desarrollo de negocio.<\/p><p><br><\/p>\n<p>La participaci\u00f3n de COMPUTAEX en este evento est\u00e1 permitiendo conocer de primera mano los avances m\u00e1s recientes en infraestructuras y tecnolog\u00edas cu\u00e1nticas, as\u00ed como reforzar la visibilidad de las l\u00edneas de investigaci\u00f3n desarrolladas por el Centro. En este contexto, el Dr. Juan Antonio Rico est\u00e1 manteniendo contacto con representantes del \u00e1mbito cient\u00edfico e industrial, contribuyendo al establecimiento de nuevas oportunidades de colaboraci\u00f3n en el \u00e1mbito de la computaci\u00f3n cu\u00e1ntica.<\/p><p><br><\/p>\n<p>Actualmente, COMPUTAEX participa en iniciativas estrat\u00e9gicas a nivel nacional y regional en este \u00e1mbito. Entre ellas, destaca su implicaci\u00f3n en el proyecto Quantum Spain, orientado al desarrollo de capacidades cu\u00e1nticas en Espa\u00f1a, as\u00ed como en la implementaci\u00f3n del Servicio de Emulaci\u00f3n Cu\u00e1ntica para el progreso de la Investigaci\u00f3n en Extremadura (<a href=\"https:\/\/computaex.es\/en\/proyectos\/eqc2024-servicio-de-emulacion-cuantica-para-el-progreso-de-la-investigacion-cientifico-tecnica-en-extremadura\/\" target=\"_blank\" rel=\"noopener\">EQC2024<\/a>). Asimismo, el Centro impulsa proyectos como QUCO4HPC (Computaci\u00f3n Cu\u00e1ntica aplicada a la optimizaci\u00f3n y eficiencia energ\u00e9tica en supercomputaci\u00f3n) y el desarrollo de soluciones de emulaci\u00f3n cu\u00e1ntica distribuida (ECD Lusitania), orientadas a la evaluaci\u00f3n de modelos de partici\u00f3n de problemas en subtareas ejecutables en entornos de computaci\u00f3n distribuida mediante QPU virtuales.<\/p>\n<\/blockquote>\t\t\t\t\t\t\t\t<\/div>\n\t\t\t\t<\/div>\n\t\t\t\t\t<\/div>\n\t\t\t\t<\/div>\n\t\t<div class=\"elementor-element elementor-element-a709762 e-flex e-con-boxed wpr-particle-no wpr-jarallax-no wpr-parallax-no wpr-sticky-section-no e-con e-parent\" data-id=\"a709762\" data-element_type=\"container\" data-e-type=\"container\">\n\t\t\t\t\t<div class=\"e-con-inner\">\n\t\t\t\t<div class=\"elementor-element elementor-element-3789141 elementor-widget elementor-widget-image-gallery\" data-id=\"3789141\" data-element_type=\"widget\" data-e-type=\"widget\" data-widget_type=\"image-gallery.default\">\n\t\t\t\t<div class=\"elementor-widget-container\">\n\t\t\t\t\t\t\t<div class=\"elementor-image-gallery\">\n\t\t\t<div id='gallery-1' class='gallery galleryid-11769 gallery-columns-4 gallery-size-thumbnail'><figure class='gallery-item'>\n\t\t\t<div class='gallery-icon portrait'>\n\t\t\t\t<a data-elementor-open-lightbox=\"yes\" data-elementor-lightbox-slideshow=\"3789141\" data-e-action-hash=\"#elementor-action%3Aaction%3Dlightbox%26settings%3DeyJpZCI6MTE3NzQsInVybCI6Imh0dHBzOlwvXC9jb21wdXRhZXguZXNcL3dwLWNvbnRlbnRcL3VwbG9hZHNcLzIwMjZcLzA0XC8yMDI2XzA0XzI3LTMwX1FVQU5UVU1BVFRFUjIwMjZfMS5qcGciLCJzbGlkZXNob3ciOiIzNzg5MTQxIn0%3D\" href='https:\/\/computaex.es\/wp-content\/uploads\/2026\/04\/2026_04_27-30_QUANTUMATTER2026_1.jpg'><img decoding=\"async\" width=\"150\" height=\"150\" src=\"https:\/\/computaex.es\/wp-content\/uploads\/2026\/04\/2026_04_27-30_QUANTUMATTER2026_1-150x150.jpg\" class=\"attachment-thumbnail size-thumbnail\" alt=\"\" \/><\/a>\n\t\t\t<\/div><\/figure><figure class='gallery-item'>\n\t\t\t<div class='gallery-icon landscape'>\n\t\t\t\t<a data-elementor-open-lightbox=\"yes\" data-elementor-lightbox-slideshow=\"3789141\" data-e-action-hash=\"#elementor-action%3Aaction%3Dlightbox%26settings%3DeyJpZCI6MTE3NzMsInVybCI6Imh0dHBzOlwvXC9jb21wdXRhZXguZXNcL3dwLWNvbnRlbnRcL3VwbG9hZHNcLzIwMjZcLzA0XC8yMDI2XzA0XzI3LTMwX1FVQU5UVU1BVFRFUjIwMjZfMC5qcGciLCJzbGlkZXNob3ciOiIzNzg5MTQxIn0%3D\" href='https:\/\/computaex.es\/wp-content\/uploads\/2026\/04\/2026_04_27-30_QUANTUMATTER2026_0.jpg'><img decoding=\"async\" width=\"150\" height=\"150\" src=\"https:\/\/computaex.es\/wp-content\/uploads\/2026\/04\/2026_04_27-30_QUANTUMATTER2026_0-150x150.jpg\" class=\"attachment-thumbnail size-thumbnail\" alt=\"\" \/><\/a>\n\t\t\t<\/div><\/figure><figure class='gallery-item'>\n\t\t\t<div class='gallery-icon portrait'>\n\t\t\t\t<a data-elementor-open-lightbox=\"yes\" data-elementor-lightbox-slideshow=\"3789141\" data-e-action-hash=\"#elementor-action%3Aaction%3Dlightbox%26settings%3DeyJpZCI6MTE3NzUsInVybCI6Imh0dHBzOlwvXC9jb21wdXRhZXguZXNcL3dwLWNvbnRlbnRcL3VwbG9hZHNcLzIwMjZcLzA0XC8yMDI2XzA0XzI3LTMwX1FVQU5UVU1BVFRFUjIwMjZfMy5qcGciLCJzbGlkZXNob3ciOiIzNzg5MTQxIn0%3D\" href='https:\/\/computaex.es\/wp-content\/uploads\/2026\/04\/2026_04_27-30_QUANTUMATTER2026_3.jpg'><img decoding=\"async\" width=\"150\" height=\"150\" src=\"https:\/\/computaex.es\/wp-content\/uploads\/2026\/04\/2026_04_27-30_QUANTUMATTER2026_3-150x150.jpg\" class=\"attachment-thumbnail size-thumbnail\" alt=\"\" \/><\/a>\n\t\t\t<\/div><\/figure><figure class='gallery-item'>\n\t\t\t<div class='gallery-icon landscape'>\n\t\t\t\t<a data-elementor-open-lightbox=\"yes\" data-elementor-lightbox-slideshow=\"3789141\" data-e-action-hash=\"#elementor-action%3Aaction%3Dlightbox%26settings%3DeyJpZCI6MTE3NzYsInVybCI6Imh0dHBzOlwvXC9jb21wdXRhZXguZXNcL3dwLWNvbnRlbnRcL3VwbG9hZHNcLzIwMjZcLzA0XC8yMDI2XzA0XzI3LTMwX1FVQU5UVU1BVFRFUjIwMjZfNC5qcGciLCJzbGlkZXNob3ciOiIzNzg5MTQxIn0%3D\" href='https:\/\/computaex.es\/wp-content\/uploads\/2026\/04\/2026_04_27-30_QUANTUMATTER2026_4.jpg'><img loading=\"lazy\" decoding=\"async\" width=\"150\" height=\"150\" src=\"https:\/\/computaex.es\/wp-content\/uploads\/2026\/04\/2026_04_27-30_QUANTUMATTER2026_4-150x150.jpg\" class=\"attachment-thumbnail size-thumbnail\" alt=\"\" \/><\/a>\n\t\t\t<\/div><\/figure>\n\t\t<\/div>\n\t\t<\/div>\n\t\t\t\t\t\t<\/div>\n\t\t\t\t<\/div>\n\t\t\t\t\t<\/div>\n\t\t\t\t<\/div>\n\t\t\t\t<\/div>","protected":false},"excerpt":{"rendered":"<p>El Centro de Supercomputaci\u00f3n de Extremadura (COMPUTAEX), representado por su director general, el Dr. Juan Antonio Rico, junto a D\u00f1a. Ester Carranza, t\u00e9cnica de apoyo a la investigaci\u00f3n en el &#8230;<\/p>","protected":false},"author":1,"featured_media":11773,"comment_status":"closed","ping_status":"open","sticky":false,"template":"","format":"standard","meta":{"footnotes":""},"categories":[109,97],"tags":[],"class_list":["post-11769","post","type-post","status-publish","format-standard","has-post-thumbnail","hentry","category-109","category-conferencias"],"yoast_head":"<!-- This site is optimized with the Yoast SEO plugin v27.1.1 - https:\/\/yoast.com\/product\/yoast-seo-wordpress\/ -->\n<title>COMPUTAEX participa en la conferencia internacional QUANTUMatter2026 en Barcelona - Fundaci\u00f3n COMPUTAEX<\/title>\n<meta name=\"robots\" content=\"index, follow, max-snippet:-1, max-image-preview:large, max-video-preview:-1\" \/>\n<link rel=\"canonical\" href=\"https:\/\/computaex.es\/en\/conferencias\/computaex-participa-en-la-conferencia-internacional-quantumatter2026-en-barcelona\/\" \/>\n<meta property=\"og:locale\" content=\"en_US\" \/>\n<meta property=\"og:type\" content=\"article\" \/>\n<meta property=\"og:title\" content=\"COMPUTAEX participa en la conferencia internacional QUANTUMatter2026 en Barcelona - Fundaci\u00f3n COMPUTAEX\" \/>\n<meta property=\"og:description\" content=\"El Centro de Supercomputaci\u00f3n de Extremadura (COMPUTAEX), representado por su director general, el Dr. Juan Antonio Rico, junto a D\u00f1a. Ester Carranza, t\u00e9cnica de apoyo a la investigaci\u00f3n en el ...\" \/>\n<meta property=\"og:url\" content=\"https:\/\/computaex.es\/en\/conferencias\/computaex-participa-en-la-conferencia-internacional-quantumatter2026-en-barcelona\/\" \/>\n<meta property=\"og:site_name\" content=\"Fundaci\u00f3n COMPUTAEX\" \/>\n<meta property=\"article:publisher\" content=\"https:\/\/m.facebook.com\/computaex\/\" \/>\n<meta property=\"article:published_time\" content=\"2026-04-29T10:38:00+00:00\" \/>\n<meta property=\"article:modified_time\" content=\"2026-04-29T10:43:09+00:00\" \/>\n<meta property=\"og:image\" content=\"https:\/\/computaex.es\/wp-content\/uploads\/2026\/04\/2026_04_27-30_QUANTUMATTER2026_0.jpg\" \/>\n\t<meta property=\"og:image:width\" content=\"1600\" \/>\n\t<meta property=\"og:image:height\" content=\"1200\" \/>\n\t<meta property=\"og:image:type\" content=\"image\/jpeg\" \/>\n<meta name=\"author\" content=\"COMPUTAEX\" \/>\n<meta name=\"twitter:card\" content=\"summary_large_image\" \/>\n<meta name=\"twitter:creator\" content=\"@computaex\" \/>\n<meta name=\"twitter:site\" content=\"@computaex\" \/>\n<meta name=\"twitter:label1\" content=\"Written by\" \/>\n\t<meta name=\"twitter:data1\" content=\"COMPUTAEX\" \/>\n\t<meta name=\"twitter:label2\" content=\"Est. reading time\" \/>\n\t<meta name=\"twitter:data2\" content=\"1 minute\" \/>\n<script type=\"application\/ld+json\" class=\"yoast-schema-graph\">{\"@context\":\"https:\/\/schema.org\",\"@graph\":[{\"@type\":\"Article\",\"@id\":\"https:\/\/computaex.es\/conferencias\/computaex-participa-en-la-conferencia-internacional-quantumatter2026-en-barcelona\/#article\",\"isPartOf\":{\"@id\":\"https:\/\/computaex.es\/conferencias\/computaex-participa-en-la-conferencia-internacional-quantumatter2026-en-barcelona\/\"},\"author\":{\"name\":\"COMPUTAEX\",\"@id\":\"https:\/\/computaex.es\/#\/schema\/person\/56c40e6e76e66bddcd36a39cb6d96e54\"},\"headline\":\"COMPUTAEX participa en la conferencia internacional QUANTUMatter2026 en Barcelona\",\"datePublished\":\"2026-04-29T10:38:00+00:00\",\"dateModified\":\"2026-04-29T10:43:09+00:00\",\"mainEntityOfPage\":{\"@id\":\"https:\/\/computaex.es\/conferencias\/computaex-participa-en-la-conferencia-internacional-quantumatter2026-en-barcelona\/\"},\"wordCount\":383,\"publisher\":{\"@id\":\"https:\/\/computaex.es\/#organization\"},\"image\":{\"@id\":\"https:\/\/computaex.es\/conferencias\/computaex-participa-en-la-conferencia-internacional-quantumatter2026-en-barcelona\/#primaryimage\"},\"thumbnailUrl\":\"https:\/\/computaex.es\/wp-content\/uploads\/2026\/04\/2026_04_27-30_QUANTUMATTER2026_0.jpg\",\"articleSection\":[\"2026\",\"Conferencias\"],\"inLanguage\":\"en-US\"},{\"@type\":\"WebPage\",\"@id\":\"https:\/\/computaex.es\/conferencias\/computaex-participa-en-la-conferencia-internacional-quantumatter2026-en-barcelona\/\",\"url\":\"https:\/\/computaex.es\/conferencias\/computaex-participa-en-la-conferencia-internacional-quantumatter2026-en-barcelona\/\",\"name\":\"COMPUTAEX participa en la conferencia internacional QUANTUMatter2026 en Barcelona - Fundaci\u00f3n COMPUTAEX\",\"isPartOf\":{\"@id\":\"https:\/\/computaex.es\/#website\"},\"primaryImageOfPage\":{\"@id\":\"https:\/\/computaex.es\/conferencias\/computaex-participa-en-la-conferencia-internacional-quantumatter2026-en-barcelona\/#primaryimage\"},\"image\":{\"@id\":\"https:\/\/computaex.es\/conferencias\/computaex-participa-en-la-conferencia-internacional-quantumatter2026-en-barcelona\/#primaryimage\"},\"thumbnailUrl\":\"https:\/\/computaex.es\/wp-content\/uploads\/2026\/04\/2026_04_27-30_QUANTUMATTER2026_0.jpg\",\"datePublished\":\"2026-04-29T10:38:00+00:00\",\"dateModified\":\"2026-04-29T10:43:09+00:00\",\"breadcrumb\":{\"@id\":\"https:\/\/computaex.es\/conferencias\/computaex-participa-en-la-conferencia-internacional-quantumatter2026-en-barcelona\/#breadcrumb\"},\"inLanguage\":\"en-US\",\"potentialAction\":[{\"@type\":\"ReadAction\",\"target\":[\"https:\/\/computaex.es\/conferencias\/computaex-participa-en-la-conferencia-internacional-quantumatter2026-en-barcelona\/\"]}]},{\"@type\":\"ImageObject\",\"inLanguage\":\"en-US\",\"@id\":\"https:\/\/computaex.es\/conferencias\/computaex-participa-en-la-conferencia-internacional-quantumatter2026-en-barcelona\/#primaryimage\",\"url\":\"https:\/\/computaex.es\/wp-content\/uploads\/2026\/04\/2026_04_27-30_QUANTUMATTER2026_0.jpg\",\"contentUrl\":\"https:\/\/computaex.es\/wp-content\/uploads\/2026\/04\/2026_04_27-30_QUANTUMATTER2026_0.jpg\",\"width\":1600,\"height\":1200},{\"@type\":\"BreadcrumbList\",\"@id\":\"https:\/\/computaex.es\/conferencias\/computaex-participa-en-la-conferencia-internacional-quantumatter2026-en-barcelona\/#breadcrumb\",\"itemListElement\":[{\"@type\":\"ListItem\",\"position\":1,\"name\":\"Portada\",\"item\":\"https:\/\/computaex.es\/\"},{\"@type\":\"ListItem\",\"position\":2,\"name\":\"COMPUTAEX participa en la conferencia internacional QUANTUMatter2026 en Barcelona\"}]},{\"@type\":\"WebSite\",\"@id\":\"https:\/\/computaex.es\/#website\",\"url\":\"https:\/\/computaex.es\/\",\"name\":\"Fundaci\u00f3n COMPUTAEX\",\"description\":\"COMPUTAEX\",\"publisher\":{\"@id\":\"https:\/\/computaex.es\/#organization\"},\"potentialAction\":[{\"@type\":\"SearchAction\",\"target\":{\"@type\":\"EntryPoint\",\"urlTemplate\":\"https:\/\/computaex.es\/?s={search_term_string}\"},\"query-input\":{\"@type\":\"PropertyValueSpecification\",\"valueRequired\":true,\"valueName\":\"search_term_string\"}}],\"inLanguage\":\"en-US\"},{\"@type\":\"Organization\",\"@id\":\"https:\/\/computaex.es\/#organization\",\"name\":\"COMPUTAEX\",\"url\":\"https:\/\/computaex.es\/\",\"logo\":{\"@type\":\"ImageObject\",\"inLanguage\":\"en-US\",\"@id\":\"https:\/\/computaex.es\/#\/schema\/logo\/image\/\",\"url\":\"https:\/\/computaex.es\/wp-content\/uploads\/2025\/05\/cropped-COMPUTAEX_transparente-scaled-1.png\",\"contentUrl\":\"https:\/\/computaex.es\/wp-content\/uploads\/2025\/05\/cropped-COMPUTAEX_transparente-scaled-1.png\",\"width\":2560,\"height\":970,\"caption\":\"COMPUTAEX\"},\"image\":{\"@id\":\"https:\/\/computaex.es\/#\/schema\/logo\/image\/\"},\"sameAs\":[\"https:\/\/m.facebook.com\/computaex\/\",\"https:\/\/x.com\/computaex\",\"https:\/\/es.linkedin.com\/company\/cenits\"]},{\"@type\":\"Person\",\"@id\":\"https:\/\/computaex.es\/#\/schema\/person\/56c40e6e76e66bddcd36a39cb6d96e54\",\"name\":\"COMPUTAEX\",\"image\":{\"@type\":\"ImageObject\",\"inLanguage\":\"en-US\",\"@id\":\"https:\/\/computaex.es\/#\/schema\/person\/image\/\",\"url\":\"https:\/\/secure.gravatar.com\/avatar\/4326f71d26728864745e3897d70bc6d2436e3971500de06e3156d3482a35fc34?s=96&d=mm&r=g\",\"contentUrl\":\"https:\/\/secure.gravatar.com\/avatar\/4326f71d26728864745e3897d70bc6d2436e3971500de06e3156d3482a35fc34?s=96&d=mm&r=g\",\"caption\":\"COMPUTAEX\"},\"sameAs\":[\"http:\/\/10.128.3.28\"],\"url\":\"https:\/\/computaex.es\/en\/author\/admincenits\/\"}]}<\/script>\n<!-- \/ Yoast SEO plugin. -->","yoast_head_json":{"title":"COMPUTAEX participa en la conferencia internacional QUANTUMatter2026 en Barcelona - Fundaci\u00f3n COMPUTAEX","robots":{"index":"index","follow":"follow","max-snippet":"max-snippet:-1","max-image-preview":"max-image-preview:large","max-video-preview":"max-video-preview:-1"},"canonical":"https:\/\/computaex.es\/en\/conferencias\/computaex-participa-en-la-conferencia-internacional-quantumatter2026-en-barcelona\/","og_locale":"en_US","og_type":"article","og_title":"COMPUTAEX participa en la conferencia internacional QUANTUMatter2026 en Barcelona - Fundaci\u00f3n COMPUTAEX","og_description":"El Centro de Supercomputaci\u00f3n de Extremadura (COMPUTAEX), representado por su director general, el Dr. Juan Antonio Rico, junto a D\u00f1a. Ester Carranza, t\u00e9cnica de apoyo a la investigaci\u00f3n en el ...","og_url":"https:\/\/computaex.es\/en\/conferencias\/computaex-participa-en-la-conferencia-internacional-quantumatter2026-en-barcelona\/","og_site_name":"Fundaci\u00f3n COMPUTAEX","article_publisher":"https:\/\/m.facebook.com\/computaex\/","article_published_time":"2026-04-29T10:38:00+00:00","article_modified_time":"2026-04-29T10:43:09+00:00","og_image":[{"width":1600,"height":1200,"url":"https:\/\/computaex.es\/wp-content\/uploads\/2026\/04\/2026_04_27-30_QUANTUMATTER2026_0.jpg","type":"image\/jpeg"}],"author":"COMPUTAEX","twitter_card":"summary_large_image","twitter_creator":"@computaex","twitter_site":"@computaex","twitter_misc":{"Written by":"COMPUTAEX","Est. reading time":"1 minute"},"schema":{"@context":"https:\/\/schema.org","@graph":[{"@type":"Article","@id":"https:\/\/computaex.es\/conferencias\/computaex-participa-en-la-conferencia-internacional-quantumatter2026-en-barcelona\/#article","isPartOf":{"@id":"https:\/\/computaex.es\/conferencias\/computaex-participa-en-la-conferencia-internacional-quantumatter2026-en-barcelona\/"},"author":{"name":"COMPUTAEX","@id":"https:\/\/computaex.es\/#\/schema\/person\/56c40e6e76e66bddcd36a39cb6d96e54"},"headline":"COMPUTAEX participa en la conferencia internacional QUANTUMatter2026 en Barcelona","datePublished":"2026-04-29T10:38:00+00:00","dateModified":"2026-04-29T10:43:09+00:00","mainEntityOfPage":{"@id":"https:\/\/computaex.es\/conferencias\/computaex-participa-en-la-conferencia-internacional-quantumatter2026-en-barcelona\/"},"wordCount":383,"publisher":{"@id":"https:\/\/computaex.es\/#organization"},"image":{"@id":"https:\/\/computaex.es\/conferencias\/computaex-participa-en-la-conferencia-internacional-quantumatter2026-en-barcelona\/#primaryimage"},"thumbnailUrl":"https:\/\/computaex.es\/wp-content\/uploads\/2026\/04\/2026_04_27-30_QUANTUMATTER2026_0.jpg","articleSection":["2026","Conferencias"],"inLanguage":"en-US"},{"@type":"WebPage","@id":"https:\/\/computaex.es\/conferencias\/computaex-participa-en-la-conferencia-internacional-quantumatter2026-en-barcelona\/","url":"https:\/\/computaex.es\/conferencias\/computaex-participa-en-la-conferencia-internacional-quantumatter2026-en-barcelona\/","name":"COMPUTAEX participa en la conferencia internacional QUANTUMatter2026 en Barcelona - Fundaci\u00f3n COMPUTAEX","isPartOf":{"@id":"https:\/\/computaex.es\/#website"},"primaryImageOfPage":{"@id":"https:\/\/computaex.es\/conferencias\/computaex-participa-en-la-conferencia-internacional-quantumatter2026-en-barcelona\/#primaryimage"},"image":{"@id":"https:\/\/computaex.es\/conferencias\/computaex-participa-en-la-conferencia-internacional-quantumatter2026-en-barcelona\/#primaryimage"},"thumbnailUrl":"https:\/\/computaex.es\/wp-content\/uploads\/2026\/04\/2026_04_27-30_QUANTUMATTER2026_0.jpg","datePublished":"2026-04-29T10:38:00+00:00","dateModified":"2026-04-29T10:43:09+00:00","breadcrumb":{"@id":"https:\/\/computaex.es\/conferencias\/computaex-participa-en-la-conferencia-internacional-quantumatter2026-en-barcelona\/#breadcrumb"},"inLanguage":"en-US","potentialAction":[{"@type":"ReadAction","target":["https:\/\/computaex.es\/conferencias\/computaex-participa-en-la-conferencia-internacional-quantumatter2026-en-barcelona\/"]}]},{"@type":"ImageObject","inLanguage":"en-US","@id":"https:\/\/computaex.es\/conferencias\/computaex-participa-en-la-conferencia-internacional-quantumatter2026-en-barcelona\/#primaryimage","url":"https:\/\/computaex.es\/wp-content\/uploads\/2026\/04\/2026_04_27-30_QUANTUMATTER2026_0.jpg","contentUrl":"https:\/\/computaex.es\/wp-content\/uploads\/2026\/04\/2026_04_27-30_QUANTUMATTER2026_0.jpg","width":1600,"height":1200},{"@type":"BreadcrumbList","@id":"https:\/\/computaex.es\/conferencias\/computaex-participa-en-la-conferencia-internacional-quantumatter2026-en-barcelona\/#breadcrumb","itemListElement":[{"@type":"ListItem","position":1,"name":"Portada","item":"https:\/\/computaex.es\/"},{"@type":"ListItem","position":2,"name":"COMPUTAEX participa en la conferencia internacional QUANTUMatter2026 en Barcelona"}]},{"@type":"WebSite","@id":"https:\/\/computaex.es\/#website","url":"https:\/\/computaex.es\/","name":"COMPUTAEX Foundation","description":"COMPUTAEX","publisher":{"@id":"https:\/\/computaex.es\/#organization"},"potentialAction":[{"@type":"SearchAction","target":{"@type":"EntryPoint","urlTemplate":"https:\/\/computaex.es\/?s={search_term_string}"},"query-input":{"@type":"PropertyValueSpecification","valueRequired":true,"valueName":"search_term_string"}}],"inLanguage":"en-US"},{"@type":"Organization","@id":"https:\/\/computaex.es\/#organization","name":"COMPUTAEX","url":"https:\/\/computaex.es\/","logo":{"@type":"ImageObject","inLanguage":"en-US","@id":"https:\/\/computaex.es\/#\/schema\/logo\/image\/","url":"https:\/\/computaex.es\/wp-content\/uploads\/2025\/05\/cropped-COMPUTAEX_transparente-scaled-1.png","contentUrl":"https:\/\/computaex.es\/wp-content\/uploads\/2025\/05\/cropped-COMPUTAEX_transparente-scaled-1.png","width":2560,"height":970,"caption":"COMPUTAEX"},"image":{"@id":"https:\/\/computaex.es\/#\/schema\/logo\/image\/"},"sameAs":["https:\/\/m.facebook.com\/computaex\/","https:\/\/x.com\/computaex","https:\/\/es.linkedin.com\/company\/cenits"]},{"@type":"Person","@id":"https:\/\/computaex.es\/#\/schema\/person\/56c40e6e76e66bddcd36a39cb6d96e54","name":"COMPUTAEX","image":{"@type":"ImageObject","inLanguage":"en-US","@id":"https:\/\/computaex.es\/#\/schema\/person\/image\/","url":"https:\/\/secure.gravatar.com\/avatar\/4326f71d26728864745e3897d70bc6d2436e3971500de06e3156d3482a35fc34?s=96&d=mm&r=g","contentUrl":"https:\/\/secure.gravatar.com\/avatar\/4326f71d26728864745e3897d70bc6d2436e3971500de06e3156d3482a35fc34?s=96&d=mm&r=g","caption":"COMPUTAEX"},"sameAs":["http:\/\/10.128.3.28"],"url":"https:\/\/computaex.es\/en\/author\/admincenits\/"}]}},"_links":{"self":[{"href":"https:\/\/computaex.es\/en\/wp-json\/wp\/v2\/posts\/11769","targetHints":{"allow":["GET"]}}],"collection":[{"href":"https:\/\/computaex.es\/en\/wp-json\/wp\/v2\/posts"}],"about":[{"href":"https:\/\/computaex.es\/en\/wp-json\/wp\/v2\/types\/post"}],"author":[{"embeddable":true,"href":"https:\/\/computaex.es\/en\/wp-json\/wp\/v2\/users\/1"}],"replies":[{"embeddable":true,"href":"https:\/\/computaex.es\/en\/wp-json\/wp\/v2\/comments?post=11769"}],"version-history":[{"count":10,"href":"https:\/\/computaex.es\/en\/wp-json\/wp\/v2\/posts\/11769\/revisions"}],"predecessor-version":[{"id":11787,"href":"https:\/\/computaex.es\/en\/wp-json\/wp\/v2\/posts\/11769\/revisions\/11787"}],"wp:featuredmedia":[{"embeddable":true,"href":"https:\/\/computaex.es\/en\/wp-json\/wp\/v2\/media\/11773"}],"wp:attachment":[{"href":"https:\/\/computaex.es\/en\/wp-json\/wp\/v2\/media?parent=11769"}],"wp:term":[{"taxonomy":"category","embeddable":true,"href":"https:\/\/computaex.es\/en\/wp-json\/wp\/v2\/categories?post=11769"},{"taxonomy":"post_tag","embeddable":true,"href":"https:\/\/computaex.es\/en\/wp-json\/wp\/v2\/tags?post=11769"}],"curies":[{"name":"wp","href":"https:\/\/api.w.org\/{rel}","templated":true}]}}