{"id":12374,"date":"2026-09-01T08:30:37","date_gmt":"2026-09-01T06:30:37","guid":{"rendered":"https:\/\/computaex.es\/?p=12374"},"modified":"2026-09-01T08:30:37","modified_gmt":"2026-09-01T06:30:37","slug":"computaex-presentara-en-inube-sus-lineas-de-investigacion-en-inteligencia-artificial-aplicada-a-la-salud","status":"publish","type":"post","link":"https:\/\/computaex.es\/en\/conferencias\/computaex-presentara-en-inube-sus-lineas-de-investigacion-en-inteligencia-artificial-aplicada-a-la-salud\/","title":{"rendered":"COMPUTAEX presentar\u00e1 en INUBE sus l\u00edneas de investigaci\u00f3n en inteligencia artificial aplicada a la salud"},"content":{"rendered":"<div data-elementor-type=\"wp-post\" data-elementor-id=\"12374\" class=\"elementor elementor-12374\">\n\t\t\t\t<div class=\"elementor-element elementor-element-f961ea7 e-flex e-con-boxed wpr-particle-no wpr-jarallax-no wpr-parallax-no wpr-sticky-section-no wpr-column-slider-no wpr-equal-height-no e-con e-parent\" data-id=\"f961ea7\" data-element_type=\"container\" data-e-type=\"container\">\n\t\t\t\t\t<div class=\"e-con-inner\">\n\t\t\t\t<div class=\"elementor-element elementor-element-5206c82 elementor-widget elementor-widget-text-editor\" data-id=\"5206c82\" data-element_type=\"widget\" data-e-type=\"widget\" data-widget_type=\"text-editor.default\">\n\t\t\t\t<div class=\"elementor-widget-container\">\n\t\t\t\t\t\t\t\t\t<p><span data-contrast=\"auto\">El pr\u00f3ximo 4 de septiembre, el Centro de Supercomputaci\u00f3n de Extremadura (COMPUTAEX) participar\u00e1 en el Ciclo de Seminarios de Investigaci\u00f3n 2026 organizado por el Instituto Universitario de Investigaci\u00f3n Biosanitaria de Extremadura (<\/span><a href=\"https:\/\/institutoinube.es\/\" target=\"_blank\" rel=\"noopener\"><span data-contrast=\"none\">INUBE<\/span><\/a><span data-contrast=\"auto\">). Este ciclo constituye un espacio de encuentro en el que investigadores y profesionales comparten los avances, proyectos y resultados de sus trabajos en el \u00e1mbito biosanitario.<\/span><span data-ccp-props=\"{&quot;335551550&quot;:6,&quot;335551620&quot;:6}\">\u00a0<\/span><\/p><p><span data-contrast=\"auto\">La participaci\u00f3n en este seminario coincide con la reciente admisi\u00f3n del grupo de investigaci\u00f3n de COMPUTAEX como Grupo Emergente de INUBE, tras la evaluaci\u00f3n favorable y la aprobaci\u00f3n de su incorporaci\u00f3n por el Consejo de Direcci\u00f3n del Instituto. Este reconocimiento refuerza la integraci\u00f3n de COMPUTAEX en el ecosistema regional de investigaci\u00f3n biosanitaria y abre nuevas posibilidades de colaboraci\u00f3n con los grupos y unidades vinculados al INUBE.<\/span>\u00a0<\/p><p><span data-contrast=\"auto\">La jornada incluir\u00e1 la ponencia \u00abSupercomputaci\u00f3n, inteligencia artificial y bioinform\u00e1tica para la investigaci\u00f3n biom\u00e9dica\u00bb, impartida por el Dr. Juan Antonio Rico,\u00a0Director General\u00a0de COMPUTAEX. Durante su intervenci\u00f3n, presentar\u00e1 algunas de las l\u00edneas de investigaci\u00f3n desarrolladas por el centro en\u00a0su\u00a0<\/span><a href=\"https:\/\/biotech.computaex.es\/\" target=\"_blank\" rel=\"noopener\"><span data-contrast=\"none\">\u00e1rea de\u00a0biotecnolog\u00eda<\/span><\/a><span data-contrast=\"auto\">,\u00a0centradas en la aplicaci\u00f3n de\u00a0inteligencia artificial y bioinform\u00e1tica al \u00e1mbito de\u00a0la salud.<\/span>\u00a0<\/p><p><span data-contrast=\"auto\">Asimismo, D\u00f1a. Alicia Paredes, t\u00e9cnica de apoyo a la I+D+i del programa Atraigo Talento, presentar\u00e1 los \u00faltimos avances del proyecto\u00a0<\/span><a href=\"https:\/\/computaex.es\/en\/proyectos\/ia4art-ml-modelos-de-inteligencia-artificial-para-la-prediccion-y-optimizacion-de-tratamientos-de-reproduccion-asistida\/\" target=\"_blank\" rel=\"noopener\"><span data-contrast=\"none\">IA4ART-ML<\/span><\/a><span data-contrast=\"auto\">, \u201cModelos de Inteligencia Artificial para la Predicci\u00f3n y Optimizaci\u00f3n de Tratamientos de Reproducci\u00f3n Asistida\u201d, desarrollado en colaboraci\u00f3n con el Instituto Extreme\u00f1o de Reproducci\u00f3n Asistida (<\/span><a href=\"https:\/\/iera.es\/\" target=\"_blank\" rel=\"noopener\"><span data-contrast=\"none\">IERA<\/span><\/a><span data-contrast=\"auto\">).\u00a0Su\u00a0objetivo es desarrollar y validar modelos de\u00a0IA\u00a0que permitan optimizar los tratamientos de reproducci\u00f3n asistida mediante la integraci\u00f3n de informaci\u00f3n cl\u00ednica, gen\u00e9tica y embrionaria.<\/span><span data-ccp-props=\"{&quot;335551550&quot;:6,&quot;335551620&quot;:6}\">\u00a0<\/span><\/p><p><span data-contrast=\"auto\">Durante el seminario tambi\u00e9n se dar\u00e1n a conocer otros trabajos de colaboraci\u00f3n que COMPUTAEX est\u00e1 llevando a cabo con grupos de investigaci\u00f3n y profesionales del Sistema Extreme\u00f1o de Salud.\u00a0<\/span>\u00a0<\/p><p><span data-contrast=\"auto\">El seminario se celebrar\u00e1 en modalidad online y la inscripci\u00f3n es gratuita a trav\u00e9s de la web del\u00a0<\/span><a href=\"https:\/\/institutoinube.es\/ciclo-de-seminarios-de-investigacion-2026\/\" target=\"_blank\" rel=\"noopener\"><span data-contrast=\"none\">Ciclo de Seminarios de Investigaci\u00f3n 2026<\/span><\/a><span data-contrast=\"auto\">.<\/span>\u00a0<br \/><span data-ccp-props=\"{&quot;335551550&quot;:6,&quot;335551620&quot;:6}\">\u00a0<\/span><\/p>\t\t\t\t\t\t\t\t<\/div>\n\t\t\t\t<\/div>\n\t\t\t\t<div class=\"elementor-element elementor-element-d942f75 elementor-widget elementor-widget-image\" data-id=\"d942f75\" data-element_type=\"widget\" data-e-type=\"widget\" data-widget_type=\"image.default\">\n\t\t\t\t<div class=\"elementor-widget-container\">\n\t\t\t\t\t\t\t\t\t\t\t\t\t\t\t<img decoding=\"async\" width=\"567\" height=\"39\" src=\"https:\/\/computaex.es\/wp-content\/uploads\/2026\/06\/logo-cofinanciado_gob_fondos-eu_juntaex_iart.png\" class=\"attachment-large size-large wp-image-12023\" alt=\"\" srcset=\"https:\/\/computaex.es\/wp-content\/uploads\/2026\/06\/logo-cofinanciado_gob_fondos-eu_juntaex_iart.png 567w, https:\/\/computaex.es\/wp-content\/uploads\/2026\/06\/logo-cofinanciado_gob_fondos-eu_juntaex_iart-300x21.png 300w, https:\/\/computaex.es\/wp-content\/uploads\/2026\/06\/logo-cofinanciado_gob_fondos-eu_juntaex_iart-18x1.png 18w\" sizes=\"(max-width: 567px) 100vw, 567px\" \/>\t\t\t\t\t\t\t\t\t\t\t\t\t\t\t<\/div>\n\t\t\t\t<\/div>\n\t\t\t\t\t<\/div>\n\t\t\t\t<\/div>\n\t\t\t\t<\/div>","protected":false},"excerpt":{"rendered":"<p>El pr\u00f3ximo 4 de septiembre, el Centro de Supercomputaci\u00f3n de Extremadura (COMPUTAEX) participar\u00e1 en el Ciclo de Seminarios de Investigaci\u00f3n 2026 organizado por el Instituto Universitario de Investigaci\u00f3n Biosanitaria de &#8230;<\/p>","protected":false},"author":1,"featured_media":10120,"comment_status":"closed","ping_status":"open","sticky":false,"template":"","format":"standard","meta":{"footnotes":""},"categories":[97],"tags":[],"class_list":["post-12374","post","type-post","status-publish","format-standard","has-post-thumbnail","hentry","category-conferencias"],"yoast_head":"<!-- This site is optimized with the Yoast SEO plugin v28.4 - https:\/\/yoast.com\/product\/yoast-seo-wordpress\/ -->\n<title>COMPUTAEX presentar\u00e1 en INUBE sus l\u00edneas de investigaci\u00f3n en inteligencia artificial aplicada a la salud - Fundaci\u00f3n COMPUTAEX<\/title>\n<meta name=\"robots\" content=\"index, follow, max-snippet:-1, max-image-preview:large, max-video-preview:-1\" \/>\n<link rel=\"canonical\" href=\"https:\/\/computaex.es\/en\/conferencias\/computaex-presentara-en-inube-sus-lineas-de-investigacion-en-inteligencia-artificial-aplicada-a-la-salud\/\" \/>\n<meta property=\"og:locale\" content=\"en_US\" \/>\n<meta property=\"og:type\" content=\"article\" \/>\n<meta property=\"og:title\" content=\"COMPUTAEX presentar\u00e1 en INUBE sus l\u00edneas de investigaci\u00f3n en inteligencia artificial aplicada a la salud - Fundaci\u00f3n COMPUTAEX\" \/>\n<meta property=\"og:description\" content=\"El pr\u00f3ximo 4 de septiembre, el Centro de Supercomputaci\u00f3n de Extremadura (COMPUTAEX) participar\u00e1 en el Ciclo de Seminarios de Investigaci\u00f3n 2026 organizado por el Instituto Universitario de Investigaci\u00f3n Biosanitaria de ...\" \/>\n<meta property=\"og:url\" content=\"https:\/\/computaex.es\/en\/conferencias\/computaex-presentara-en-inube-sus-lineas-de-investigacion-en-inteligencia-artificial-aplicada-a-la-salud\/\" \/>\n<meta property=\"og:site_name\" content=\"Fundaci\u00f3n COMPUTAEX\" \/>\n<meta property=\"article:publisher\" content=\"https:\/\/m.facebook.com\/computaex\/\" \/>\n<meta property=\"article:published_time\" content=\"2026-09-01T06:30:37+00:00\" \/>\n<meta property=\"og:image\" content=\"https:\/\/computaex.es\/wp-content\/uploads\/2025\/09\/logotipo-COMPUTAEX-NUEVA-WEB.png\" \/>\n\t<meta property=\"og:image:width\" content=\"666\" \/>\n\t<meta property=\"og:image:height\" content=\"375\" \/>\n\t<meta property=\"og:image:type\" content=\"image\/png\" \/>\n<meta name=\"author\" content=\"COMPUTAEX\" \/>\n<meta name=\"twitter:card\" content=\"summary_large_image\" \/>\n<meta name=\"twitter:creator\" content=\"@computaex\" \/>\n<meta name=\"twitter:site\" content=\"@computaex\" \/>\n<meta name=\"twitter:label1\" content=\"Written by\" \/>\n\t<meta name=\"twitter:data1\" content=\"COMPUTAEX\" \/>\n\t<meta name=\"twitter:label2\" content=\"Est. reading time\" \/>\n\t<meta name=\"twitter:data2\" content=\"2 minutes\" \/>\n<script type=\"application\/ld+json\" class=\"yoast-schema-graph\">{\"@context\":\"https:\\\/\\\/schema.org\",\"@graph\":[{\"@type\":\"Article\",\"@id\":\"https:\\\/\\\/computaex.es\\\/conferencias\\\/computaex-presentara-en-inube-sus-lineas-de-investigacion-en-inteligencia-artificial-aplicada-a-la-salud\\\/#article\",\"isPartOf\":{\"@id\":\"https:\\\/\\\/computaex.es\\\/conferencias\\\/computaex-presentara-en-inube-sus-lineas-de-investigacion-en-inteligencia-artificial-aplicada-a-la-salud\\\/\"},\"author\":{\"name\":\"COMPUTAEX\",\"@id\":\"https:\\\/\\\/computaex.es\\\/#\\\/schema\\\/person\\\/56c40e6e76e66bddcd36a39cb6d96e54\"},\"headline\":\"COMPUTAEX presentar\u00e1 en INUBE sus l\u00edneas de investigaci\u00f3n en inteligencia artificial aplicada a la salud\",\"datePublished\":\"2026-09-01T06:30:37+00:00\",\"mainEntityOfPage\":{\"@id\":\"https:\\\/\\\/computaex.es\\\/conferencias\\\/computaex-presentara-en-inube-sus-lineas-de-investigacion-en-inteligencia-artificial-aplicada-a-la-salud\\\/\"},\"wordCount\":369,\"publisher\":{\"@id\":\"https:\\\/\\\/computaex.es\\\/#organization\"},\"image\":{\"@id\":\"https:\\\/\\\/computaex.es\\\/conferencias\\\/computaex-presentara-en-inube-sus-lineas-de-investigacion-en-inteligencia-artificial-aplicada-a-la-salud\\\/#primaryimage\"},\"thumbnailUrl\":\"https:\\\/\\\/computaex.es\\\/wp-content\\\/uploads\\\/2025\\\/09\\\/logotipo-COMPUTAEX-NUEVA-WEB.png\",\"articleSection\":[\"Conferencias\"],\"inLanguage\":\"en-US\"},{\"@type\":\"WebPage\",\"@id\":\"https:\\\/\\\/computaex.es\\\/conferencias\\\/computaex-presentara-en-inube-sus-lineas-de-investigacion-en-inteligencia-artificial-aplicada-a-la-salud\\\/\",\"url\":\"https:\\\/\\\/computaex.es\\\/conferencias\\\/computaex-presentara-en-inube-sus-lineas-de-investigacion-en-inteligencia-artificial-aplicada-a-la-salud\\\/\",\"name\":\"COMPUTAEX presentar\u00e1 en INUBE sus l\u00edneas de investigaci\u00f3n en inteligencia artificial aplicada a la salud - Fundaci\u00f3n COMPUTAEX\",\"isPartOf\":{\"@id\":\"https:\\\/\\\/computaex.es\\\/#website\"},\"primaryImageOfPage\":{\"@id\":\"https:\\\/\\\/computaex.es\\\/conferencias\\\/computaex-presentara-en-inube-sus-lineas-de-investigacion-en-inteligencia-artificial-aplicada-a-la-salud\\\/#primaryimage\"},\"image\":{\"@id\":\"https:\\\/\\\/computaex.es\\\/conferencias\\\/computaex-presentara-en-inube-sus-lineas-de-investigacion-en-inteligencia-artificial-aplicada-a-la-salud\\\/#primaryimage\"},\"thumbnailUrl\":\"https:\\\/\\\/computaex.es\\\/wp-content\\\/uploads\\\/2025\\\/09\\\/logotipo-COMPUTAEX-NUEVA-WEB.png\",\"datePublished\":\"2026-09-01T06:30:37+00:00\",\"breadcrumb\":{\"@id\":\"https:\\\/\\\/computaex.es\\\/conferencias\\\/computaex-presentara-en-inube-sus-lineas-de-investigacion-en-inteligencia-artificial-aplicada-a-la-salud\\\/#breadcrumb\"},\"inLanguage\":\"en-US\",\"potentialAction\":[{\"@type\":\"ReadAction\",\"target\":[\"https:\\\/\\\/computaex.es\\\/conferencias\\\/computaex-presentara-en-inube-sus-lineas-de-investigacion-en-inteligencia-artificial-aplicada-a-la-salud\\\/\"]}]},{\"@type\":\"ImageObject\",\"inLanguage\":\"en-US\",\"@id\":\"https:\\\/\\\/computaex.es\\\/conferencias\\\/computaex-presentara-en-inube-sus-lineas-de-investigacion-en-inteligencia-artificial-aplicada-a-la-salud\\\/#primaryimage\",\"url\":\"https:\\\/\\\/computaex.es\\\/wp-content\\\/uploads\\\/2025\\\/09\\\/logotipo-COMPUTAEX-NUEVA-WEB.png\",\"contentUrl\":\"https:\\\/\\\/computaex.es\\\/wp-content\\\/uploads\\\/2025\\\/09\\\/logotipo-COMPUTAEX-NUEVA-WEB.png\",\"width\":666,\"height\":375},{\"@type\":\"BreadcrumbList\",\"@id\":\"https:\\\/\\\/computaex.es\\\/conferencias\\\/computaex-presentara-en-inube-sus-lineas-de-investigacion-en-inteligencia-artificial-aplicada-a-la-salud\\\/#breadcrumb\",\"itemListElement\":[{\"@type\":\"ListItem\",\"position\":1,\"name\":\"Portada\",\"item\":\"https:\\\/\\\/computaex.es\\\/\"},{\"@type\":\"ListItem\",\"position\":2,\"name\":\"COMPUTAEX presentar\u00e1 en INUBE sus l\u00edneas de investigaci\u00f3n en inteligencia artificial aplicada a la salud\"}]},{\"@type\":\"WebSite\",\"@id\":\"https:\\\/\\\/computaex.es\\\/#website\",\"url\":\"https:\\\/\\\/computaex.es\\\/\",\"name\":\"Fundaci\u00f3n COMPUTAEX\",\"description\":\"COMPUTAEX\",\"publisher\":{\"@id\":\"https:\\\/\\\/computaex.es\\\/#organization\"},\"potentialAction\":[{\"@type\":\"SearchAction\",\"target\":{\"@type\":\"EntryPoint\",\"urlTemplate\":\"https:\\\/\\\/computaex.es\\\/?s={search_term_string}\"},\"query-input\":{\"@type\":\"PropertyValueSpecification\",\"valueRequired\":true,\"valueName\":\"search_term_string\"}}],\"inLanguage\":\"en-US\"},{\"@type\":\"Organization\",\"@id\":\"https:\\\/\\\/computaex.es\\\/#organization\",\"name\":\"COMPUTAEX\",\"url\":\"https:\\\/\\\/computaex.es\\\/\",\"logo\":{\"@type\":\"ImageObject\",\"inLanguage\":\"en-US\",\"@id\":\"https:\\\/\\\/computaex.es\\\/#\\\/schema\\\/logo\\\/image\\\/\",\"url\":\"https:\\\/\\\/computaex.es\\\/wp-content\\\/uploads\\\/2025\\\/09\\\/cropped-logotipo-COMPUTAEX-NUEVA-WEB.png\",\"contentUrl\":\"https:\\\/\\\/computaex.es\\\/wp-content\\\/uploads\\\/2025\\\/09\\\/cropped-logotipo-COMPUTAEX-NUEVA-WEB.png\",\"width\":524,\"height\":209,\"caption\":\"COMPUTAEX\"},\"image\":{\"@id\":\"https:\\\/\\\/computaex.es\\\/#\\\/schema\\\/logo\\\/image\\\/\"},\"sameAs\":[\"https:\\\/\\\/m.facebook.com\\\/computaex\\\/\",\"https:\\\/\\\/x.com\\\/computaex\",\"https:\\\/\\\/es.linkedin.com\\\/company\\\/cenits\"]},{\"@type\":\"Person\",\"@id\":\"https:\\\/\\\/computaex.es\\\/#\\\/schema\\\/person\\\/56c40e6e76e66bddcd36a39cb6d96e54\",\"name\":\"COMPUTAEX\",\"image\":{\"@type\":\"ImageObject\",\"inLanguage\":\"en-US\",\"@id\":\"https:\\\/\\\/secure.gravatar.com\\\/avatar\\\/4326f71d26728864745e3897d70bc6d2436e3971500de06e3156d3482a35fc34?s=96&d=mm&r=g\",\"url\":\"https:\\\/\\\/secure.gravatar.com\\\/avatar\\\/4326f71d26728864745e3897d70bc6d2436e3971500de06e3156d3482a35fc34?s=96&d=mm&r=g\",\"contentUrl\":\"https:\\\/\\\/secure.gravatar.com\\\/avatar\\\/4326f71d26728864745e3897d70bc6d2436e3971500de06e3156d3482a35fc34?s=96&d=mm&r=g\",\"caption\":\"COMPUTAEX\"},\"sameAs\":[\"http:\\\/\\\/10.128.3.28\"],\"url\":\"https:\\\/\\\/computaex.es\\\/en\\\/author\\\/admincenits\\\/\"}]}<\/script>\n<!-- \/ Yoast SEO plugin. -->","yoast_head_json":{"title":"COMPUTAEX presentar\u00e1 en INUBE sus l\u00edneas de investigaci\u00f3n en inteligencia artificial aplicada a la salud - Fundaci\u00f3n COMPUTAEX","robots":{"index":"index","follow":"follow","max-snippet":"max-snippet:-1","max-image-preview":"max-image-preview:large","max-video-preview":"max-video-preview:-1"},"canonical":"https:\/\/computaex.es\/en\/conferencias\/computaex-presentara-en-inube-sus-lineas-de-investigacion-en-inteligencia-artificial-aplicada-a-la-salud\/","og_locale":"en_US","og_type":"article","og_title":"COMPUTAEX presentar\u00e1 en INUBE sus l\u00edneas de investigaci\u00f3n en inteligencia artificial aplicada a la salud - Fundaci\u00f3n COMPUTAEX","og_description":"El pr\u00f3ximo 4 de septiembre, el Centro de Supercomputaci\u00f3n de Extremadura (COMPUTAEX) participar\u00e1 en el Ciclo de Seminarios de Investigaci\u00f3n 2026 organizado por el Instituto Universitario de Investigaci\u00f3n Biosanitaria de ...","og_url":"https:\/\/computaex.es\/en\/conferencias\/computaex-presentara-en-inube-sus-lineas-de-investigacion-en-inteligencia-artificial-aplicada-a-la-salud\/","og_site_name":"Fundaci\u00f3n COMPUTAEX","article_publisher":"https:\/\/m.facebook.com\/computaex\/","article_published_time":"2026-09-01T06:30:37+00:00","og_image":[{"width":666,"height":375,"url":"https:\/\/computaex.es\/wp-content\/uploads\/2025\/09\/logotipo-COMPUTAEX-NUEVA-WEB.png","type":"image\/png"}],"author":"COMPUTAEX","twitter_card":"summary_large_image","twitter_creator":"@computaex","twitter_site":"@computaex","twitter_misc":{"Written by":"COMPUTAEX","Est. reading time":"2 minutes"},"schema":{"@context":"https:\/\/schema.org","@graph":[{"@type":"Article","@id":"https:\/\/computaex.es\/conferencias\/computaex-presentara-en-inube-sus-lineas-de-investigacion-en-inteligencia-artificial-aplicada-a-la-salud\/#article","isPartOf":{"@id":"https:\/\/computaex.es\/conferencias\/computaex-presentara-en-inube-sus-lineas-de-investigacion-en-inteligencia-artificial-aplicada-a-la-salud\/"},"author":{"name":"COMPUTAEX","@id":"https:\/\/computaex.es\/#\/schema\/person\/56c40e6e76e66bddcd36a39cb6d96e54"},"headline":"COMPUTAEX presentar\u00e1 en INUBE sus l\u00edneas de investigaci\u00f3n en inteligencia artificial aplicada a la salud","datePublished":"2026-09-01T06:30:37+00:00","mainEntityOfPage":{"@id":"https:\/\/computaex.es\/conferencias\/computaex-presentara-en-inube-sus-lineas-de-investigacion-en-inteligencia-artificial-aplicada-a-la-salud\/"},"wordCount":369,"publisher":{"@id":"https:\/\/computaex.es\/#organization"},"image":{"@id":"https:\/\/computaex.es\/conferencias\/computaex-presentara-en-inube-sus-lineas-de-investigacion-en-inteligencia-artificial-aplicada-a-la-salud\/#primaryimage"},"thumbnailUrl":"https:\/\/computaex.es\/wp-content\/uploads\/2025\/09\/logotipo-COMPUTAEX-NUEVA-WEB.png","articleSection":["Conferencias"],"inLanguage":"en-US"},{"@type":"WebPage","@id":"https:\/\/computaex.es\/conferencias\/computaex-presentara-en-inube-sus-lineas-de-investigacion-en-inteligencia-artificial-aplicada-a-la-salud\/","url":"https:\/\/computaex.es\/conferencias\/computaex-presentara-en-inube-sus-lineas-de-investigacion-en-inteligencia-artificial-aplicada-a-la-salud\/","name":"COMPUTAEX presentar\u00e1 en INUBE sus l\u00edneas de investigaci\u00f3n en inteligencia artificial aplicada a la salud - Fundaci\u00f3n COMPUTAEX","isPartOf":{"@id":"https:\/\/computaex.es\/#website"},"primaryImageOfPage":{"@id":"https:\/\/computaex.es\/conferencias\/computaex-presentara-en-inube-sus-lineas-de-investigacion-en-inteligencia-artificial-aplicada-a-la-salud\/#primaryimage"},"image":{"@id":"https:\/\/computaex.es\/conferencias\/computaex-presentara-en-inube-sus-lineas-de-investigacion-en-inteligencia-artificial-aplicada-a-la-salud\/#primaryimage"},"thumbnailUrl":"https:\/\/computaex.es\/wp-content\/uploads\/2025\/09\/logotipo-COMPUTAEX-NUEVA-WEB.png","datePublished":"2026-09-01T06:30:37+00:00","breadcrumb":{"@id":"https:\/\/computaex.es\/conferencias\/computaex-presentara-en-inube-sus-lineas-de-investigacion-en-inteligencia-artificial-aplicada-a-la-salud\/#breadcrumb"},"inLanguage":"en-US","potentialAction":[{"@type":"ReadAction","target":["https:\/\/computaex.es\/conferencias\/computaex-presentara-en-inube-sus-lineas-de-investigacion-en-inteligencia-artificial-aplicada-a-la-salud\/"]}]},{"@type":"ImageObject","inLanguage":"en-US","@id":"https:\/\/computaex.es\/conferencias\/computaex-presentara-en-inube-sus-lineas-de-investigacion-en-inteligencia-artificial-aplicada-a-la-salud\/#primaryimage","url":"https:\/\/computaex.es\/wp-content\/uploads\/2025\/09\/logotipo-COMPUTAEX-NUEVA-WEB.png","contentUrl":"https:\/\/computaex.es\/wp-content\/uploads\/2025\/09\/logotipo-COMPUTAEX-NUEVA-WEB.png","width":666,"height":375},{"@type":"BreadcrumbList","@id":"https:\/\/computaex.es\/conferencias\/computaex-presentara-en-inube-sus-lineas-de-investigacion-en-inteligencia-artificial-aplicada-a-la-salud\/#breadcrumb","itemListElement":[{"@type":"ListItem","position":1,"name":"Portada","item":"https:\/\/computaex.es\/"},{"@type":"ListItem","position":2,"name":"COMPUTAEX presentar\u00e1 en INUBE sus l\u00edneas de investigaci\u00f3n en inteligencia artificial aplicada a la salud"}]},{"@type":"WebSite","@id":"https:\/\/computaex.es\/#website","url":"https:\/\/computaex.es\/","name":"COMPUTAEX Foundation","description":"COMPUTAEX","publisher":{"@id":"https:\/\/computaex.es\/#organization"},"potentialAction":[{"@type":"SearchAction","target":{"@type":"EntryPoint","urlTemplate":"https:\/\/computaex.es\/?s={search_term_string}"},"query-input":{"@type":"PropertyValueSpecification","valueRequired":true,"valueName":"search_term_string"}}],"inLanguage":"en-US"},{"@type":"Organization","@id":"https:\/\/computaex.es\/#organization","name":"COMPUTAEX","url":"https:\/\/computaex.es\/","logo":{"@type":"ImageObject","inLanguage":"en-US","@id":"https:\/\/computaex.es\/#\/schema\/logo\/image\/","url":"https:\/\/computaex.es\/wp-content\/uploads\/2025\/09\/cropped-logotipo-COMPUTAEX-NUEVA-WEB.png","contentUrl":"https:\/\/computaex.es\/wp-content\/uploads\/2025\/09\/cropped-logotipo-COMPUTAEX-NUEVA-WEB.png","width":524,"height":209,"caption":"COMPUTAEX"},"image":{"@id":"https:\/\/computaex.es\/#\/schema\/logo\/image\/"},"sameAs":["https:\/\/m.facebook.com\/computaex\/","https:\/\/x.com\/computaex","https:\/\/es.linkedin.com\/company\/cenits"]},{"@type":"Person","@id":"https:\/\/computaex.es\/#\/schema\/person\/56c40e6e76e66bddcd36a39cb6d96e54","name":"COMPUTAEX","image":{"@type":"ImageObject","inLanguage":"en-US","@id":"https:\/\/secure.gravatar.com\/avatar\/4326f71d26728864745e3897d70bc6d2436e3971500de06e3156d3482a35fc34?s=96&d=mm&r=g","url":"https:\/\/secure.gravatar.com\/avatar\/4326f71d26728864745e3897d70bc6d2436e3971500de06e3156d3482a35fc34?s=96&d=mm&r=g","contentUrl":"https:\/\/secure.gravatar.com\/avatar\/4326f71d26728864745e3897d70bc6d2436e3971500de06e3156d3482a35fc34?s=96&d=mm&r=g","caption":"COMPUTAEX"},"sameAs":["http:\/\/10.128.3.28"],"url":"https:\/\/computaex.es\/en\/author\/admincenits\/"}]}},"_links":{"self":[{"href":"https:\/\/computaex.es\/en\/wp-json\/wp\/v2\/posts\/12374","targetHints":{"allow":["GET"]}}],"collection":[{"href":"https:\/\/computaex.es\/en\/wp-json\/wp\/v2\/posts"}],"about":[{"href":"https:\/\/computaex.es\/en\/wp-json\/wp\/v2\/types\/post"}],"author":[{"embeddable":true,"href":"https:\/\/computaex.es\/en\/wp-json\/wp\/v2\/users\/1"}],"replies":[{"embeddable":true,"href":"https:\/\/computaex.es\/en\/wp-json\/wp\/v2\/comments?post=12374"}],"version-history":[{"count":5,"href":"https:\/\/computaex.es\/en\/wp-json\/wp\/v2\/posts\/12374\/revisions"}],"predecessor-version":[{"id":12387,"href":"https:\/\/computaex.es\/en\/wp-json\/wp\/v2\/posts\/12374\/revisions\/12387"}],"wp:featuredmedia":[{"embeddable":true,"href":"https:\/\/computaex.es\/en\/wp-json\/wp\/v2\/media\/10120"}],"wp:attachment":[{"href":"https:\/\/computaex.es\/en\/wp-json\/wp\/v2\/media?parent=12374"}],"wp:term":[{"taxonomy":"category","embeddable":true,"href":"https:\/\/computaex.es\/en\/wp-json\/wp\/v2\/categories?post=12374"},{"taxonomy":"post_tag","embeddable":true,"href":"https:\/\/computaex.es\/en\/wp-json\/wp\/v2\/tags?post=12374"}],"curies":[{"name":"wp","href":"https:\/\/api.w.org\/{rel}","templated":true}]}}