{"id":12388,"date":"2026-09-01T14:13:10","date_gmt":"2026-09-01T12:13:10","guid":{"rendered":"https:\/\/computaex.es\/?p=12388"},"modified":"2026-09-01T14:18:51","modified_gmt":"2026-09-01T12:18:51","slug":"computaex-acercara-la-supercomputacion-la-inteligencia-artificial-y-la-computacion-cuantica-a-empresas-e-investigadores-en-potencial-digital-2026","status":"publish","type":"post","link":"https:\/\/computaex.es\/en\/colaboracion\/computaex-acercara-la-supercomputacion-la-inteligencia-artificial-y-la-computacion-cuantica-a-empresas-e-investigadores-en-potencial-digital-2026\/","title":{"rendered":"COMPUTAEX acercar\u00e1 la supercomputaci\u00f3n, la inteligencia artificial y la computaci\u00f3n cu\u00e1ntica a empresas e investigadores en Potencial Digital 2026"},"content":{"rendered":"<div data-elementor-type=\"wp-post\" data-elementor-id=\"12388\" class=\"elementor elementor-12388\">\n\t\t\t\t<div class=\"elementor-element elementor-element-96c2be2 e-flex e-con-boxed wpr-particle-no wpr-jarallax-no wpr-parallax-no wpr-sticky-section-no wpr-column-slider-no wpr-equal-height-no e-con e-parent\" data-id=\"96c2be2\" data-element_type=\"container\" data-e-type=\"container\">\n\t\t\t\t\t<div class=\"e-con-inner\">\n\t\t\t\t<div class=\"elementor-element elementor-element-759c54f elementor-widget elementor-widget-text-editor\" data-id=\"759c54f\" data-element_type=\"widget\" data-e-type=\"widget\" data-widget_type=\"text-editor.default\">\n\t\t\t\t<div class=\"elementor-widget-container\">\n\t\t\t\t\t\t\t\t\t<p><span data-contrast=\"auto\">El Centro de Supercomputaci\u00f3n de Extremadura\u00a0participar\u00e1 los d\u00edas 24 y 25 de septiembre en\u00a0<\/span><a href=\"https:\/\/potencialdigital.es\/\" target=\"_blank\" rel=\"noopener\"><span data-contrast=\"none\">Potencial Digital 2026<\/span><\/a><span data-contrast=\"auto\">,\u00a0que se celebrar\u00e1 en el Palacio de Congresos de C\u00e1ceres.\u00a0Este evento\u00a0se ha consolidado como uno de los principales encuentros tecnol\u00f3gicos de Extremadura, reuniendo a empresas, profesionales, instituciones y expertos de diversos \u00e1mbitos. La edici\u00f3n de 2026 cuenta ya con m\u00e1s de 2.000 personas inscritas, reforzando su papel como punto de encuentro para conocer tendencias, compartir experiencias y generar nuevas oportunidades de colaboraci\u00f3n<\/span><span data-ccp-props=\"{&quot;335551550&quot;:6,&quot;335551620&quot;:6}\">\u00a0<\/span><\/p><p><span data-contrast=\"auto\">Durante el\u00a0congreso,\u00a0COMPUTAEX\u00a0contar\u00e1 con un stand propio en el que dar\u00e1 a conocer sus capacidades en supercomputaci\u00f3n, inteligencia artificial y computaci\u00f3n cu\u00e1ntica, as\u00ed como los proyectos de I+D+i que desarrolla actualmente.\u00a0Adem\u00e1s, su equipo de investigadores e ingenieros estar\u00e1\u00a0a disposici\u00f3n de empresas, administraciones p\u00fablicas\u00a0e investigadores,\u00a0interesados en conocer las posibilidades de aplicaci\u00f3n de estas tecnolog\u00edas y los recursos disponibles para incorporarlas a sus proyectos.\u00a0El objetivo es\u00a0acercar al tejido empresarial y cient\u00edfico extreme\u00f1o tecnolog\u00edas avanzadas que pueden contribuir a optimizar procesos, desarrollar nuevos productos y servicios, impulsar proyectos de I+D+i y mejorar la competitividad de empresas y organizaciones de la regi\u00f3n.<\/span>\u00a0<br \/>\u00a0<br \/><span data-contrast=\"auto\">Como parte de su participaci\u00f3n en Potencial Digital, el viernes 25 de septiembre, a las 12:00 horas, se ofrecer\u00e1 la ponencia \u00abCOMPUTAEX: Supercomputaci\u00f3n, Inteligencia Artificial y Computaci\u00f3n Cu\u00e1ntica al servicio de la innovaci\u00f3n en Extremadura\u00bb,\u00a0impartida por el director general del\u00a0centro, Dr. Juan Antonio Rico Gallego; el responsable de Proyectos y Comunicaci\u00f3n, Dr. Javier Corral Garc\u00eda; y el responsable de Sistemas y Supercomputaci\u00f3n, Dr. Daniel Flores.<\/span>\u00a0<br \/>\u00a0<br \/><span data-contrast=\"auto\">Durante la charla se presentar\u00e1n casos reales y ejemplos de aplicaci\u00f3n en distintos sectores para mostrar c\u00f3mo estas tecnolog\u00edas pueden ayudar a resolver problemas complejos, optimizar procesos y acelerar la innovaci\u00f3n. Tambi\u00e9n se dar\u00e1n a conocer las capacidades y recursos que\u00a0COMPUTAEX\u00a0pone a disposici\u00f3n de pymes, grandes empresas, grupos de investigaci\u00f3n y entidades p\u00fablicas, as\u00ed como las diferentes v\u00edas existentes para colaborar con el\u00a0centro\u00a0y desarrollar proyectos basados en estas tecnolog\u00edas.<\/span><span data-ccp-props=\"{&quot;335551550&quot;:6,&quot;335551620&quot;:6}\">\u00a0<\/span><\/p><p><span data-contrast=\"auto\">Entre las iniciativas que COMPUTAEX presentar\u00e1 durante el encuentro\u00a0destaca el proyecto\u00a0<\/span><a href=\"http:\/\/aifactory.computaex.es\/\" target=\"_blank\" rel=\"noopener\"><span data-contrast=\"none\">AI Factory<\/span><\/a><span data-contrast=\"auto\">, coordinado\u00a0por el Barcelona\u00a0Supercomputing\u00a0Center\u00a0(<\/span><a href=\"https:\/\/www.bsc.es\/\" target=\"_blank\" rel=\"noopener\"><span data-contrast=\"none\">BSC-CNS<\/span><\/a><span data-contrast=\"auto\">)\u00a0a\u00a0trav\u00e9s\u00a0del cual se facilita que\u00a0empresas y organizaciones de la regi\u00f3n puedan conocer y acceder\u00a0sin coste\u00a0a recursos avanzados de inteligencia artificial y supercomputaci\u00f3n, as\u00ed como recibir orientaci\u00f3n y acompa\u00f1amiento para incorporarlos a sus procesos y proyectos de innovaci\u00f3n.<\/span><span data-ccp-props=\"{&quot;335551550&quot;:6,&quot;335551620&quot;:6}\">\u00a0<\/span><\/p><p><span data-contrast=\"auto\">Tambi\u00e9n se presentar\u00e1\u00a0<\/span><a href=\"https:\/\/www.poctep.eu\/proyecto\/0590_quantum_iber_ia_6_e\/\" target=\"_blank\" rel=\"noopener\"><span data-contrast=\"none\">QUANTUM_IBER_IA<\/span><\/a><span data-contrast=\"auto\">,\u00a0un proyecto estrat\u00e9gico de cooperaci\u00f3n transfronteriza que busca impulsar las capacidades en tecnolog\u00edas cu\u00e1nticas e inteligencia artificial en el espacio ib\u00e9rico. En este proyecto,\u00a0el Centro de Supercomputaci\u00f3n de Extremadura\u00a0coordina el desarrollo de demostradores tecnol\u00f3gicos sectoriales y participa en el an\u00e1lisis de aplicaciones de estas tecnolog\u00edas en \u00e1mbitos como la agroalimentaci\u00f3n, la salud, la energ\u00eda o la ciberseguridad.<\/span><span data-ccp-props=\"{&quot;335551550&quot;:6,&quot;335551620&quot;:6}\">\u00a0<\/span><\/p><p><span data-contrast=\"auto\">Inscripciones gratuitas: <\/span><a href=\"https:\/\/potencialdigital.es\/inscribete\/\" target=\"_blank\" rel=\"noopener\"><span data-contrast=\"none\">https:\/\/potencialdigital.es\/inscribete\/<\/span><\/a><span data-ccp-props=\"{&quot;335551550&quot;:6,&quot;335551620&quot;:6}\">\u00a0<\/span><\/p>\t\t\t\t\t\t\t\t<\/div>\n\t\t\t\t<\/div>\n\t\t\t\t<div class=\"elementor-element elementor-element-9a31abd elementor-widget elementor-widget-image\" data-id=\"9a31abd\" data-element_type=\"widget\" data-e-type=\"widget\" data-widget_type=\"image.default\">\n\t\t\t\t<div class=\"elementor-widget-container\">\n\t\t\t\t\t\t\t\t\t\t\t\t\t\t\t<img fetchpriority=\"high\" decoding=\"async\" width=\"800\" height=\"255\" src=\"https:\/\/computaex.es\/wp-content\/uploads\/2026\/06\/Logo-QUANTUM_IBER_IA_y-POCTEP-INTERREG-1024x326.png\" class=\"attachment-large size-large wp-image-11971\" alt=\"\" srcset=\"https:\/\/computaex.es\/wp-content\/uploads\/2026\/06\/Logo-QUANTUM_IBER_IA_y-POCTEP-INTERREG-1024x326.png 1024w, https:\/\/computaex.es\/wp-content\/uploads\/2026\/06\/Logo-QUANTUM_IBER_IA_y-POCTEP-INTERREG-300x96.png 300w, https:\/\/computaex.es\/wp-content\/uploads\/2026\/06\/Logo-QUANTUM_IBER_IA_y-POCTEP-INTERREG-768x245.png 768w, https:\/\/computaex.es\/wp-content\/uploads\/2026\/06\/Logo-QUANTUM_IBER_IA_y-POCTEP-INTERREG-1536x490.png 1536w, https:\/\/computaex.es\/wp-content\/uploads\/2026\/06\/Logo-QUANTUM_IBER_IA_y-POCTEP-INTERREG-2048x653.png 2048w, https:\/\/computaex.es\/wp-content\/uploads\/2026\/06\/Logo-QUANTUM_IBER_IA_y-POCTEP-INTERREG-18x6.png 18w\" sizes=\"(max-width: 800px) 100vw, 800px\" \/>\t\t\t\t\t\t\t\t\t\t\t\t\t\t\t<\/div>\n\t\t\t\t<\/div>\n\t\t\t\t<div class=\"elementor-element elementor-element-1fe5901 elementor-widget elementor-widget-image-gallery\" data-id=\"1fe5901\" data-element_type=\"widget\" data-e-type=\"widget\" data-widget_type=\"image-gallery.default\">\n\t\t\t\t<div class=\"elementor-widget-container\">\n\t\t\t\t\t\t\t<div class=\"elementor-image-gallery\">\n\t\t\t<div id='gallery-1' class='gallery galleryid-12388 gallery-columns-1 gallery-size-medium_large'><figure class='gallery-item'>\n\t\t\t<div class='gallery-icon landscape'>\n\t\t\t\t<a data-elementor-open-lightbox=\"yes\" data-elementor-lightbox-slideshow=\"1fe5901\" data-e-action-hash=\"#elementor-action%3Aaction%3Dlightbox%26settings%3DeyJpZCI6MTIzOTEsInVybCI6Imh0dHBzOlwvXC9jb21wdXRhZXguZXNcL3dwLWNvbnRlbnRcL3VwbG9hZHNcLzIwMjZcLzA5XC9MT0dPX1BSVFJfTUFTLUxPR09fSUFfRkFDVE9SWS1zY2FsZWQucG5nIiwic2xpZGVzaG93IjoiMWZlNTkwMSJ9\" href='https:\/\/computaex.es\/wp-content\/uploads\/2026\/09\/LOGO_PRTR_MAS-LOGO_IA_FACTORY-scaled.png'><img decoding=\"async\" width=\"768\" height=\"80\" src=\"https:\/\/computaex.es\/wp-content\/uploads\/2026\/09\/LOGO_PRTR_MAS-LOGO_IA_FACTORY-768x80.png\" class=\"attachment-medium_large size-medium_large\" alt=\"\" srcset=\"https:\/\/computaex.es\/wp-content\/uploads\/2026\/09\/LOGO_PRTR_MAS-LOGO_IA_FACTORY-768x80.png 768w, https:\/\/computaex.es\/wp-content\/uploads\/2026\/09\/LOGO_PRTR_MAS-LOGO_IA_FACTORY-300x31.png 300w, https:\/\/computaex.es\/wp-content\/uploads\/2026\/09\/LOGO_PRTR_MAS-LOGO_IA_FACTORY-1024x107.png 1024w, https:\/\/computaex.es\/wp-content\/uploads\/2026\/09\/LOGO_PRTR_MAS-LOGO_IA_FACTORY-1536x160.png 1536w, https:\/\/computaex.es\/wp-content\/uploads\/2026\/09\/LOGO_PRTR_MAS-LOGO_IA_FACTORY-2048x214.png 2048w, https:\/\/computaex.es\/wp-content\/uploads\/2026\/09\/LOGO_PRTR_MAS-LOGO_IA_FACTORY-18x2.png 18w\" sizes=\"(max-width: 768px) 100vw, 768px\" \/><\/a>\n\t\t\t<\/div><\/figure>\n\t\t<\/div>\n\t\t<\/div>\n\t\t\t\t\t\t<\/div>\n\t\t\t\t<\/div>\n\t\t\t\t\t<\/div>\n\t\t\t\t<\/div>\n\t\t\t\t<\/div>","protected":false},"excerpt":{"rendered":"<p>El Centro de Supercomputaci\u00f3n de Extremadura\u00a0participar\u00e1 los d\u00edas 24 y 25 de septiembre en\u00a0Potencial Digital 2026,\u00a0que se celebrar\u00e1 en el Palacio de Congresos de C\u00e1ceres.\u00a0Este evento\u00a0se ha consolidado como uno &#8230;<\/p>","protected":false},"author":1,"featured_media":12389,"comment_status":"closed","ping_status":"open","sticky":false,"template":"","format":"standard","meta":{"footnotes":""},"categories":[78],"tags":[],"class_list":["post-12388","post","type-post","status-publish","format-standard","has-post-thumbnail","hentry","category-colaboracion"],"yoast_head":"<!-- This site is optimized with the Yoast SEO plugin v28.1 - https:\/\/yoast.com\/product\/yoast-seo-wordpress\/ -->\n<title>COMPUTAEX acercar\u00e1 la supercomputaci\u00f3n, la inteligencia artificial y la computaci\u00f3n cu\u00e1ntica a empresas e investigadores en Potencial Digital 2026 - Fundaci\u00f3n COMPUTAEX<\/title>\n<meta name=\"robots\" content=\"index, follow, max-snippet:-1, max-image-preview:large, max-video-preview:-1\" \/>\n<link rel=\"canonical\" href=\"https:\/\/computaex.es\/en\/colaboracion\/computaex-acercara-la-supercomputacion-la-inteligencia-artificial-y-la-computacion-cuantica-a-empresas-e-investigadores-en-potencial-digital-2026\/\" \/>\n<meta property=\"og:locale\" content=\"en_US\" \/>\n<meta property=\"og:type\" content=\"article\" \/>\n<meta property=\"og:title\" content=\"COMPUTAEX acercar\u00e1 la supercomputaci\u00f3n, la inteligencia artificial y la computaci\u00f3n cu\u00e1ntica a empresas e investigadores en Potencial Digital 2026 - Fundaci\u00f3n COMPUTAEX\" \/>\n<meta property=\"og:description\" content=\"El Centro de Supercomputaci\u00f3n de Extremadura\u00a0participar\u00e1 los d\u00edas 24 y 25 de septiembre en\u00a0Potencial Digital 2026,\u00a0que se celebrar\u00e1 en el Palacio de Congresos de C\u00e1ceres.\u00a0Este evento\u00a0se ha consolidado como uno ...\" \/>\n<meta property=\"og:url\" content=\"https:\/\/computaex.es\/en\/colaboracion\/computaex-acercara-la-supercomputacion-la-inteligencia-artificial-y-la-computacion-cuantica-a-empresas-e-investigadores-en-potencial-digital-2026\/\" \/>\n<meta property=\"og:site_name\" content=\"Fundaci\u00f3n COMPUTAEX\" \/>\n<meta property=\"article:publisher\" content=\"https:\/\/m.facebook.com\/computaex\/\" \/>\n<meta property=\"article:published_time\" content=\"2026-09-01T12:13:10+00:00\" \/>\n<meta property=\"article:modified_time\" content=\"2026-09-01T12:18:51+00:00\" \/>\n<meta property=\"og:image\" content=\"https:\/\/computaex.es\/wp-content\/uploads\/2026\/09\/2026_08_26_banner_potencial_digital_2026.png\" \/>\n\t<meta property=\"og:image:width\" content=\"600\" \/>\n\t<meta property=\"og:image:height\" content=\"200\" \/>\n\t<meta property=\"og:image:type\" content=\"image\/png\" \/>\n<meta name=\"author\" content=\"COMPUTAEX\" \/>\n<meta name=\"twitter:card\" content=\"summary_large_image\" \/>\n<meta name=\"twitter:creator\" content=\"@computaex\" \/>\n<meta name=\"twitter:site\" content=\"@computaex\" \/>\n<meta name=\"twitter:label1\" content=\"Written by\" \/>\n\t<meta name=\"twitter:data1\" content=\"COMPUTAEX\" \/>\n\t<meta name=\"twitter:label2\" content=\"Est. reading time\" \/>\n\t<meta name=\"twitter:data2\" content=\"3 minutes\" \/>\n<script type=\"application\/ld+json\" class=\"yoast-schema-graph\">{\"@context\":\"https:\\\/\\\/schema.org\",\"@graph\":[{\"@type\":\"Article\",\"@id\":\"https:\\\/\\\/computaex.es\\\/colaboracion\\\/computaex-acercara-la-supercomputacion-la-inteligencia-artificial-y-la-computacion-cuantica-a-empresas-e-investigadores-en-potencial-digital-2026\\\/#article\",\"isPartOf\":{\"@id\":\"https:\\\/\\\/computaex.es\\\/colaboracion\\\/computaex-acercara-la-supercomputacion-la-inteligencia-artificial-y-la-computacion-cuantica-a-empresas-e-investigadores-en-potencial-digital-2026\\\/\"},\"author\":{\"name\":\"COMPUTAEX\",\"@id\":\"https:\\\/\\\/computaex.es\\\/#\\\/schema\\\/person\\\/56c40e6e76e66bddcd36a39cb6d96e54\"},\"headline\":\"COMPUTAEX acercar\u00e1 la supercomputaci\u00f3n, la inteligencia artificial y la computaci\u00f3n cu\u00e1ntica a empresas e investigadores en Potencial Digital 2026\",\"datePublished\":\"2026-09-01T12:13:10+00:00\",\"dateModified\":\"2026-09-01T12:18:51+00:00\",\"mainEntityOfPage\":{\"@id\":\"https:\\\/\\\/computaex.es\\\/colaboracion\\\/computaex-acercara-la-supercomputacion-la-inteligencia-artificial-y-la-computacion-cuantica-a-empresas-e-investigadores-en-potencial-digital-2026\\\/\"},\"wordCount\":537,\"publisher\":{\"@id\":\"https:\\\/\\\/computaex.es\\\/#organization\"},\"image\":{\"@id\":\"https:\\\/\\\/computaex.es\\\/colaboracion\\\/computaex-acercara-la-supercomputacion-la-inteligencia-artificial-y-la-computacion-cuantica-a-empresas-e-investigadores-en-potencial-digital-2026\\\/#primaryimage\"},\"thumbnailUrl\":\"https:\\\/\\\/computaex.es\\\/wp-content\\\/uploads\\\/2026\\\/09\\\/2026_08_26_banner_potencial_digital_2026.png\",\"articleSection\":[\"Colaboraci\u00f3n\"],\"inLanguage\":\"en-US\"},{\"@type\":\"WebPage\",\"@id\":\"https:\\\/\\\/computaex.es\\\/colaboracion\\\/computaex-acercara-la-supercomputacion-la-inteligencia-artificial-y-la-computacion-cuantica-a-empresas-e-investigadores-en-potencial-digital-2026\\\/\",\"url\":\"https:\\\/\\\/computaex.es\\\/colaboracion\\\/computaex-acercara-la-supercomputacion-la-inteligencia-artificial-y-la-computacion-cuantica-a-empresas-e-investigadores-en-potencial-digital-2026\\\/\",\"name\":\"COMPUTAEX acercar\u00e1 la supercomputaci\u00f3n, la inteligencia artificial y la computaci\u00f3n cu\u00e1ntica a empresas e investigadores en Potencial Digital 2026 - Fundaci\u00f3n COMPUTAEX\",\"isPartOf\":{\"@id\":\"https:\\\/\\\/computaex.es\\\/#website\"},\"primaryImageOfPage\":{\"@id\":\"https:\\\/\\\/computaex.es\\\/colaboracion\\\/computaex-acercara-la-supercomputacion-la-inteligencia-artificial-y-la-computacion-cuantica-a-empresas-e-investigadores-en-potencial-digital-2026\\\/#primaryimage\"},\"image\":{\"@id\":\"https:\\\/\\\/computaex.es\\\/colaboracion\\\/computaex-acercara-la-supercomputacion-la-inteligencia-artificial-y-la-computacion-cuantica-a-empresas-e-investigadores-en-potencial-digital-2026\\\/#primaryimage\"},\"thumbnailUrl\":\"https:\\\/\\\/computaex.es\\\/wp-content\\\/uploads\\\/2026\\\/09\\\/2026_08_26_banner_potencial_digital_2026.png\",\"datePublished\":\"2026-09-01T12:13:10+00:00\",\"dateModified\":\"2026-09-01T12:18:51+00:00\",\"breadcrumb\":{\"@id\":\"https:\\\/\\\/computaex.es\\\/colaboracion\\\/computaex-acercara-la-supercomputacion-la-inteligencia-artificial-y-la-computacion-cuantica-a-empresas-e-investigadores-en-potencial-digital-2026\\\/#breadcrumb\"},\"inLanguage\":\"en-US\",\"potentialAction\":[{\"@type\":\"ReadAction\",\"target\":[\"https:\\\/\\\/computaex.es\\\/colaboracion\\\/computaex-acercara-la-supercomputacion-la-inteligencia-artificial-y-la-computacion-cuantica-a-empresas-e-investigadores-en-potencial-digital-2026\\\/\"]}]},{\"@type\":\"ImageObject\",\"inLanguage\":\"en-US\",\"@id\":\"https:\\\/\\\/computaex.es\\\/colaboracion\\\/computaex-acercara-la-supercomputacion-la-inteligencia-artificial-y-la-computacion-cuantica-a-empresas-e-investigadores-en-potencial-digital-2026\\\/#primaryimage\",\"url\":\"https:\\\/\\\/computaex.es\\\/wp-content\\\/uploads\\\/2026\\\/09\\\/2026_08_26_banner_potencial_digital_2026.png\",\"contentUrl\":\"https:\\\/\\\/computaex.es\\\/wp-content\\\/uploads\\\/2026\\\/09\\\/2026_08_26_banner_potencial_digital_2026.png\",\"width\":600,\"height\":200},{\"@type\":\"BreadcrumbList\",\"@id\":\"https:\\\/\\\/computaex.es\\\/colaboracion\\\/computaex-acercara-la-supercomputacion-la-inteligencia-artificial-y-la-computacion-cuantica-a-empresas-e-investigadores-en-potencial-digital-2026\\\/#breadcrumb\",\"itemListElement\":[{\"@type\":\"ListItem\",\"position\":1,\"name\":\"Portada\",\"item\":\"https:\\\/\\\/computaex.es\\\/\"},{\"@type\":\"ListItem\",\"position\":2,\"name\":\"COMPUTAEX acercar\u00e1 la supercomputaci\u00f3n, la inteligencia artificial y la computaci\u00f3n cu\u00e1ntica a empresas e investigadores en Potencial Digital 2026\"}]},{\"@type\":\"WebSite\",\"@id\":\"https:\\\/\\\/computaex.es\\\/#website\",\"url\":\"https:\\\/\\\/computaex.es\\\/\",\"name\":\"Fundaci\u00f3n COMPUTAEX\",\"description\":\"COMPUTAEX\",\"publisher\":{\"@id\":\"https:\\\/\\\/computaex.es\\\/#organization\"},\"potentialAction\":[{\"@type\":\"SearchAction\",\"target\":{\"@type\":\"EntryPoint\",\"urlTemplate\":\"https:\\\/\\\/computaex.es\\\/?s={search_term_string}\"},\"query-input\":{\"@type\":\"PropertyValueSpecification\",\"valueRequired\":true,\"valueName\":\"search_term_string\"}}],\"inLanguage\":\"en-US\"},{\"@type\":\"Organization\",\"@id\":\"https:\\\/\\\/computaex.es\\\/#organization\",\"name\":\"COMPUTAEX\",\"url\":\"https:\\\/\\\/computaex.es\\\/\",\"logo\":{\"@type\":\"ImageObject\",\"inLanguage\":\"en-US\",\"@id\":\"https:\\\/\\\/computaex.es\\\/#\\\/schema\\\/logo\\\/image\\\/\",\"url\":\"https:\\\/\\\/computaex.es\\\/wp-content\\\/uploads\\\/2025\\\/09\\\/cropped-logotipo-COMPUTAEX-NUEVA-WEB.png\",\"contentUrl\":\"https:\\\/\\\/computaex.es\\\/wp-content\\\/uploads\\\/2025\\\/09\\\/cropped-logotipo-COMPUTAEX-NUEVA-WEB.png\",\"width\":524,\"height\":209,\"caption\":\"COMPUTAEX\"},\"image\":{\"@id\":\"https:\\\/\\\/computaex.es\\\/#\\\/schema\\\/logo\\\/image\\\/\"},\"sameAs\":[\"https:\\\/\\\/m.facebook.com\\\/computaex\\\/\",\"https:\\\/\\\/x.com\\\/computaex\",\"https:\\\/\\\/es.linkedin.com\\\/company\\\/cenits\"]},{\"@type\":\"Person\",\"@id\":\"https:\\\/\\\/computaex.es\\\/#\\\/schema\\\/person\\\/56c40e6e76e66bddcd36a39cb6d96e54\",\"name\":\"COMPUTAEX\",\"image\":{\"@type\":\"ImageObject\",\"inLanguage\":\"en-US\",\"@id\":\"https:\\\/\\\/secure.gravatar.com\\\/avatar\\\/4326f71d26728864745e3897d70bc6d2436e3971500de06e3156d3482a35fc34?s=96&d=mm&r=g\",\"url\":\"https:\\\/\\\/secure.gravatar.com\\\/avatar\\\/4326f71d26728864745e3897d70bc6d2436e3971500de06e3156d3482a35fc34?s=96&d=mm&r=g\",\"contentUrl\":\"https:\\\/\\\/secure.gravatar.com\\\/avatar\\\/4326f71d26728864745e3897d70bc6d2436e3971500de06e3156d3482a35fc34?s=96&d=mm&r=g\",\"caption\":\"COMPUTAEX\"},\"sameAs\":[\"http:\\\/\\\/10.128.3.28\"],\"url\":\"https:\\\/\\\/computaex.es\\\/en\\\/author\\\/admincenits\\\/\"}]}<\/script>\n<!-- \/ Yoast SEO plugin. -->","yoast_head_json":{"title":"COMPUTAEX acercar\u00e1 la supercomputaci\u00f3n, la inteligencia artificial y la computaci\u00f3n cu\u00e1ntica a empresas e investigadores en Potencial Digital 2026 - Fundaci\u00f3n COMPUTAEX","robots":{"index":"index","follow":"follow","max-snippet":"max-snippet:-1","max-image-preview":"max-image-preview:large","max-video-preview":"max-video-preview:-1"},"canonical":"https:\/\/computaex.es\/en\/colaboracion\/computaex-acercara-la-supercomputacion-la-inteligencia-artificial-y-la-computacion-cuantica-a-empresas-e-investigadores-en-potencial-digital-2026\/","og_locale":"en_US","og_type":"article","og_title":"COMPUTAEX acercar\u00e1 la supercomputaci\u00f3n, la inteligencia artificial y la computaci\u00f3n cu\u00e1ntica a empresas e investigadores en Potencial Digital 2026 - Fundaci\u00f3n COMPUTAEX","og_description":"El Centro de Supercomputaci\u00f3n de Extremadura\u00a0participar\u00e1 los d\u00edas 24 y 25 de septiembre en\u00a0Potencial Digital 2026,\u00a0que se celebrar\u00e1 en el Palacio de Congresos de C\u00e1ceres.\u00a0Este evento\u00a0se ha consolidado como uno ...","og_url":"https:\/\/computaex.es\/en\/colaboracion\/computaex-acercara-la-supercomputacion-la-inteligencia-artificial-y-la-computacion-cuantica-a-empresas-e-investigadores-en-potencial-digital-2026\/","og_site_name":"Fundaci\u00f3n COMPUTAEX","article_publisher":"https:\/\/m.facebook.com\/computaex\/","article_published_time":"2026-09-01T12:13:10+00:00","article_modified_time":"2026-09-01T12:18:51+00:00","og_image":[{"width":600,"height":200,"url":"https:\/\/computaex.es\/wp-content\/uploads\/2026\/09\/2026_08_26_banner_potencial_digital_2026.png","type":"image\/png"}],"author":"COMPUTAEX","twitter_card":"summary_large_image","twitter_creator":"@computaex","twitter_site":"@computaex","twitter_misc":{"Written by":"COMPUTAEX","Est. reading time":"3 minutes"},"schema":{"@context":"https:\/\/schema.org","@graph":[{"@type":"Article","@id":"https:\/\/computaex.es\/colaboracion\/computaex-acercara-la-supercomputacion-la-inteligencia-artificial-y-la-computacion-cuantica-a-empresas-e-investigadores-en-potencial-digital-2026\/#article","isPartOf":{"@id":"https:\/\/computaex.es\/colaboracion\/computaex-acercara-la-supercomputacion-la-inteligencia-artificial-y-la-computacion-cuantica-a-empresas-e-investigadores-en-potencial-digital-2026\/"},"author":{"name":"COMPUTAEX","@id":"https:\/\/computaex.es\/#\/schema\/person\/56c40e6e76e66bddcd36a39cb6d96e54"},"headline":"COMPUTAEX acercar\u00e1 la supercomputaci\u00f3n, la inteligencia artificial y la computaci\u00f3n cu\u00e1ntica a empresas e investigadores en Potencial Digital 2026","datePublished":"2026-09-01T12:13:10+00:00","dateModified":"2026-09-01T12:18:51+00:00","mainEntityOfPage":{"@id":"https:\/\/computaex.es\/colaboracion\/computaex-acercara-la-supercomputacion-la-inteligencia-artificial-y-la-computacion-cuantica-a-empresas-e-investigadores-en-potencial-digital-2026\/"},"wordCount":537,"publisher":{"@id":"https:\/\/computaex.es\/#organization"},"image":{"@id":"https:\/\/computaex.es\/colaboracion\/computaex-acercara-la-supercomputacion-la-inteligencia-artificial-y-la-computacion-cuantica-a-empresas-e-investigadores-en-potencial-digital-2026\/#primaryimage"},"thumbnailUrl":"https:\/\/computaex.es\/wp-content\/uploads\/2026\/09\/2026_08_26_banner_potencial_digital_2026.png","articleSection":["Colaboraci\u00f3n"],"inLanguage":"en-US"},{"@type":"WebPage","@id":"https:\/\/computaex.es\/colaboracion\/computaex-acercara-la-supercomputacion-la-inteligencia-artificial-y-la-computacion-cuantica-a-empresas-e-investigadores-en-potencial-digital-2026\/","url":"https:\/\/computaex.es\/colaboracion\/computaex-acercara-la-supercomputacion-la-inteligencia-artificial-y-la-computacion-cuantica-a-empresas-e-investigadores-en-potencial-digital-2026\/","name":"COMPUTAEX acercar\u00e1 la supercomputaci\u00f3n, la inteligencia artificial y la computaci\u00f3n cu\u00e1ntica a empresas e investigadores en Potencial Digital 2026 - Fundaci\u00f3n COMPUTAEX","isPartOf":{"@id":"https:\/\/computaex.es\/#website"},"primaryImageOfPage":{"@id":"https:\/\/computaex.es\/colaboracion\/computaex-acercara-la-supercomputacion-la-inteligencia-artificial-y-la-computacion-cuantica-a-empresas-e-investigadores-en-potencial-digital-2026\/#primaryimage"},"image":{"@id":"https:\/\/computaex.es\/colaboracion\/computaex-acercara-la-supercomputacion-la-inteligencia-artificial-y-la-computacion-cuantica-a-empresas-e-investigadores-en-potencial-digital-2026\/#primaryimage"},"thumbnailUrl":"https:\/\/computaex.es\/wp-content\/uploads\/2026\/09\/2026_08_26_banner_potencial_digital_2026.png","datePublished":"2026-09-01T12:13:10+00:00","dateModified":"2026-09-01T12:18:51+00:00","breadcrumb":{"@id":"https:\/\/computaex.es\/colaboracion\/computaex-acercara-la-supercomputacion-la-inteligencia-artificial-y-la-computacion-cuantica-a-empresas-e-investigadores-en-potencial-digital-2026\/#breadcrumb"},"inLanguage":"en-US","potentialAction":[{"@type":"ReadAction","target":["https:\/\/computaex.es\/colaboracion\/computaex-acercara-la-supercomputacion-la-inteligencia-artificial-y-la-computacion-cuantica-a-empresas-e-investigadores-en-potencial-digital-2026\/"]}]},{"@type":"ImageObject","inLanguage":"en-US","@id":"https:\/\/computaex.es\/colaboracion\/computaex-acercara-la-supercomputacion-la-inteligencia-artificial-y-la-computacion-cuantica-a-empresas-e-investigadores-en-potencial-digital-2026\/#primaryimage","url":"https:\/\/computaex.es\/wp-content\/uploads\/2026\/09\/2026_08_26_banner_potencial_digital_2026.png","contentUrl":"https:\/\/computaex.es\/wp-content\/uploads\/2026\/09\/2026_08_26_banner_potencial_digital_2026.png","width":600,"height":200},{"@type":"BreadcrumbList","@id":"https:\/\/computaex.es\/colaboracion\/computaex-acercara-la-supercomputacion-la-inteligencia-artificial-y-la-computacion-cuantica-a-empresas-e-investigadores-en-potencial-digital-2026\/#breadcrumb","itemListElement":[{"@type":"ListItem","position":1,"name":"Portada","item":"https:\/\/computaex.es\/"},{"@type":"ListItem","position":2,"name":"COMPUTAEX acercar\u00e1 la supercomputaci\u00f3n, la inteligencia artificial y la computaci\u00f3n cu\u00e1ntica a empresas e investigadores en Potencial Digital 2026"}]},{"@type":"WebSite","@id":"https:\/\/computaex.es\/#website","url":"https:\/\/computaex.es\/","name":"COMPUTAEX Foundation","description":"COMPUTAEX","publisher":{"@id":"https:\/\/computaex.es\/#organization"},"potentialAction":[{"@type":"SearchAction","target":{"@type":"EntryPoint","urlTemplate":"https:\/\/computaex.es\/?s={search_term_string}"},"query-input":{"@type":"PropertyValueSpecification","valueRequired":true,"valueName":"search_term_string"}}],"inLanguage":"en-US"},{"@type":"Organization","@id":"https:\/\/computaex.es\/#organization","name":"COMPUTAEX","url":"https:\/\/computaex.es\/","logo":{"@type":"ImageObject","inLanguage":"en-US","@id":"https:\/\/computaex.es\/#\/schema\/logo\/image\/","url":"https:\/\/computaex.es\/wp-content\/uploads\/2025\/09\/cropped-logotipo-COMPUTAEX-NUEVA-WEB.png","contentUrl":"https:\/\/computaex.es\/wp-content\/uploads\/2025\/09\/cropped-logotipo-COMPUTAEX-NUEVA-WEB.png","width":524,"height":209,"caption":"COMPUTAEX"},"image":{"@id":"https:\/\/computaex.es\/#\/schema\/logo\/image\/"},"sameAs":["https:\/\/m.facebook.com\/computaex\/","https:\/\/x.com\/computaex","https:\/\/es.linkedin.com\/company\/cenits"]},{"@type":"Person","@id":"https:\/\/computaex.es\/#\/schema\/person\/56c40e6e76e66bddcd36a39cb6d96e54","name":"COMPUTAEX","image":{"@type":"ImageObject","inLanguage":"en-US","@id":"https:\/\/secure.gravatar.com\/avatar\/4326f71d26728864745e3897d70bc6d2436e3971500de06e3156d3482a35fc34?s=96&d=mm&r=g","url":"https:\/\/secure.gravatar.com\/avatar\/4326f71d26728864745e3897d70bc6d2436e3971500de06e3156d3482a35fc34?s=96&d=mm&r=g","contentUrl":"https:\/\/secure.gravatar.com\/avatar\/4326f71d26728864745e3897d70bc6d2436e3971500de06e3156d3482a35fc34?s=96&d=mm&r=g","caption":"COMPUTAEX"},"sameAs":["http:\/\/10.128.3.28"],"url":"https:\/\/computaex.es\/en\/author\/admincenits\/"}]}},"_links":{"self":[{"href":"https:\/\/computaex.es\/en\/wp-json\/wp\/v2\/posts\/12388","targetHints":{"allow":["GET"]}}],"collection":[{"href":"https:\/\/computaex.es\/en\/wp-json\/wp\/v2\/posts"}],"about":[{"href":"https:\/\/computaex.es\/en\/wp-json\/wp\/v2\/types\/post"}],"author":[{"embeddable":true,"href":"https:\/\/computaex.es\/en\/wp-json\/wp\/v2\/users\/1"}],"replies":[{"embeddable":true,"href":"https:\/\/computaex.es\/en\/wp-json\/wp\/v2\/comments?post=12388"}],"version-history":[{"count":4,"href":"https:\/\/computaex.es\/en\/wp-json\/wp\/v2\/posts\/12388\/revisions"}],"predecessor-version":[{"id":12394,"href":"https:\/\/computaex.es\/en\/wp-json\/wp\/v2\/posts\/12388\/revisions\/12394"}],"wp:featuredmedia":[{"embeddable":true,"href":"https:\/\/computaex.es\/en\/wp-json\/wp\/v2\/media\/12389"}],"wp:attachment":[{"href":"https:\/\/computaex.es\/en\/wp-json\/wp\/v2\/media?parent=12388"}],"wp:term":[{"taxonomy":"category","embeddable":true,"href":"https:\/\/computaex.es\/en\/wp-json\/wp\/v2\/categories?post=12388"},{"taxonomy":"post_tag","embeddable":true,"href":"https:\/\/computaex.es\/en\/wp-json\/wp\/v2\/tags?post=12388"}],"curies":[{"name":"wp","href":"https:\/\/api.w.org\/{rel}","templated":true}]}}